{"id":18158,"date":"2018-08-04T14:39:32","date_gmt":"2018-08-04T14:39:32","guid":{"rendered":"https:\/\/armstrongyregion.com.ar\/diario\/?p=18158"},"modified":"2018-08-04T15:20:41","modified_gmt":"2018-08-04T15:20:41","slug":"polemica-por-los-horarios-de-las-finales-de-la-liga-canadense","status":"publish","type":"post","link":"https:\/\/armstrongyregion.com.ar\/diario\/polemica-por-los-horarios-de-las-finales-de-la-liga-canadense\/","title":{"rendered":"Pol\u00e9mica por los horarios de las finales de la Liga Ca\u00f1adense."},"content":{"rendered":"<p><a href=\"http:\/\/armstrongyregion.com.ar\/diario\/wp-content\/uploads\/2018\/08\/Luis-Luque.jpeg\"><img loading=\"lazy\" decoding=\"async\" class=\"alignnone size-full wp-image-18159\" src=\"http:\/\/armstrongyregion.com.ar\/diario\/wp-content\/uploads\/2018\/08\/Luis-Luque.jpeg\" alt=\"Luis-Luque\" width=\"768\" height=\"406\" srcset=\"https:\/\/armstrongyregion.com.ar\/diario\/wp-content\/uploads\/2018\/08\/Luis-Luque.jpeg 768w, https:\/\/armstrongyregion.com.ar\/diario\/wp-content\/uploads\/2018\/08\/Luis-Luque-300x159.jpeg 300w\" sizes=\"auto, (max-width: 768px) 100vw, 768px\" \/><\/a>El Presidente de la Liga Ca\u00f1adense de F\u00fatbol, Luis Luque, habl\u00f3 en \u00abLa Tira Deportiva\u00bb sobre los cambios de horarios de las finales de Reserva y Primera a jugarse el domingo en Armstrong.<br \/>\nLuque Sostuvo que fue acto de \u00abdesprolijidad\u00bb y \u00abpoco serio\u00bb de la Municipalidad de Armstrong a la hora de modificar la organizaci\u00f3n de los partidos. Tambi\u00e9n agreg\u00f3 que la \u00abLiga Ca\u00f1adense no se hace responsable de las decisiones que se est\u00e1n tomando\u00bb y se mostr\u00f3 muy molesto con el Intendente Pablo Verdecchia.<\/p>\n<p>Luque expres\u00f3 que los motivos manifestados por la municipalidad local para las modificaciones ocasionadas, es la coincidencia con la \u00abMarat\u00f3n Delfo Cabrera\u00bb, aunque volvi\u00f3 a ratificar que en el comienzo de la semana todo se hab\u00eda puesto en an\u00e1lisis.<\/p>\n<p>En las \u00faltimas horas se conoci\u00f3 que las finales entre Defensores y Sportivo se juegan de la siguiente manera: RESERVA 12HS. PRIMERA 15HS.<\/p>\n<p>&#8211; Te recomendamos ESCUCHAR LA NOTA COMPLETA CON Luis Luque, Presidente de la Liga Ca\u00f1adense de F\u00fatbol &#8211;<\/p>\n<!--[if lt IE 9]><script>document.createElement('audio');<\/script><![endif]-->\n<audio class=\"wp-audio-shortcode\" id=\"audio-18158-1\" preload=\"none\" style=\"width: 100%;\" controls=\"controls\"><source type=\"audio\/mpeg\" src=\"http:\/\/armstrongyregion.com.ar\/diario\/wp-content\/uploads\/2018\/08\/a-.mp3?_=1\" \/><a href=\"http:\/\/armstrongyregion.com.ar\/diario\/wp-content\/uploads\/2018\/08\/a-.mp3\">http:\/\/armstrongyregion.com.ar\/diario\/wp-content\/uploads\/2018\/08\/a-.mp3<\/a><\/audio>\n<p>&nbsp;<\/p>\n<p>Fuente: Renacer FM<\/p>\n","protected":false},"excerpt":{"rendered":"<p>El Presidente de la Liga Ca\u00f1adense de F\u00fatbol, Luis Luque, habl\u00f3 en \u00abLa Tira Deportiva\u00bb sobre los cambios de horarios de las finales de Reserva y Primera a jugarse el domingo en Armstrong. Luque Sostuvo que fue acto de \u00abdesprolijidad\u00bb y \u00abpoco serio\u00bb de la Municipalidad de Armstrong a la hora de modificar la organizaci\u00f3n <a href=\"https:\/\/armstrongyregion.com.ar\/diario\/polemica-por-los-horarios-de-las-finales-de-la-liga-canadense\/\" title=\"Read more\" >&#8230;<\/a><\/p>\n","protected":false},"author":1,"featured_media":18159,"comment_status":"open","ping_status":"open","sticky":false,"template":"","format":"standard","meta":{"_jetpack_memberships_contains_paid_content":false,"footnotes":"","jetpack_publicize_message":"","jetpack_publicize_feature_enabled":true,"jetpack_social_post_already_shared":false,"jetpack_social_options":{"image_generator_settings":{"template":"highway","default_image_id":0,"enabled":false},"version":2}},"categories":[8,5,1,2,3],"tags":[269,19,2263,31,2215,3073,60],"class_list":["post-18158","post","type-post","status-publish","format-standard","has-post-thumbnail","hentry","category-deliberando","category-deportes","category-diario-armstrong","category-locales","category-region","tag-canadense","tag-de","tag-final","tag-la","tag-liga","tag-polemica","tag-por"],"jetpack_publicize_connections":[],"jetpack_featured_media_url":"https:\/\/armstrongyregion.com.ar\/diario\/wp-content\/uploads\/2018\/08\/Luis-Luque.jpeg","jetpack_shortlink":"https:\/\/wp.me\/p62QDO-4IS","jetpack_sharing_enabled":true,"amp_enabled":true,"_links":{"self":[{"href":"https:\/\/armstrongyregion.com.ar\/diario\/wp-json\/wp\/v2\/posts\/18158","targetHints":{"allow":["GET"]}}],"collection":[{"href":"https:\/\/armstrongyregion.com.ar\/diario\/wp-json\/wp\/v2\/posts"}],"about":[{"href":"https:\/\/armstrongyregion.com.ar\/diario\/wp-json\/wp\/v2\/types\/post"}],"author":[{"embeddable":true,"href":"https:\/\/armstrongyregion.com.ar\/diario\/wp-json\/wp\/v2\/users\/1"}],"replies":[{"embeddable":true,"href":"https:\/\/armstrongyregion.com.ar\/diario\/wp-json\/wp\/v2\/comments?post=18158"}],"version-history":[{"count":0,"href":"https:\/\/armstrongyregion.com.ar\/diario\/wp-json\/wp\/v2\/posts\/18158\/revisions"}],"wp:featuredmedia":[{"embeddable":true,"href":"https:\/\/armstrongyregion.com.ar\/diario\/wp-json\/wp\/v2\/media\/18159"}],"wp:attachment":[{"href":"https:\/\/armstrongyregion.com.ar\/diario\/wp-json\/wp\/v2\/media?parent=18158"}],"wp:term":[{"taxonomy":"category","embeddable":true,"href":"https:\/\/armstrongyregion.com.ar\/diario\/wp-json\/wp\/v2\/categories?post=18158"},{"taxonomy":"post_tag","embeddable":true,"href":"https:\/\/armstrongyregion.com.ar\/diario\/wp-json\/wp\/v2\/tags?post=18158"}],"curies":[{"name":"wp","href":"https:\/\/api.w.org\/{rel}","templated":true}]}}