{"id":18152,"date":"2018-08-03T15:05:51","date_gmt":"2018-08-03T15:05:51","guid":{"rendered":"https:\/\/armstrongyregion.com.ar\/diario\/?p=18152"},"modified":"2018-08-03T15:05:51","modified_gmt":"2018-08-03T15:05:51","slug":"armstrong-faltan-pocas-horas-para-el-gran-evento","status":"publish","type":"post","link":"https:\/\/armstrongyregion.com.ar\/diario\/armstrong-faltan-pocas-horas-para-el-gran-evento\/","title":{"rendered":"Armstrong. Faltan pocas horas para el gran evento&#8230;"},"content":{"rendered":"<p><a href=\"http:\/\/armstrongyregion.com.ar\/diario\/wp-content\/uploads\/2018\/08\/circuito-maraton-2018-ok-4.jpg\"><img loading=\"lazy\" decoding=\"async\" src=\"http:\/\/armstrongyregion.com.ar\/diario\/wp-content\/uploads\/2018\/08\/circuito-maraton-2018-ok-4.jpg\" alt=\"circuito maraton 2018 ok (4)\" width=\"600\" height=\"753\" class=\"alignnone size-full wp-image-18156\" srcset=\"https:\/\/armstrongyregion.com.ar\/diario\/wp-content\/uploads\/2018\/08\/circuito-maraton-2018-ok-4.jpg 600w, https:\/\/armstrongyregion.com.ar\/diario\/wp-content\/uploads\/2018\/08\/circuito-maraton-2018-ok-4-239x300.jpg 239w\" sizes=\"auto, (max-width: 600px) 100vw, 600px\" \/><\/a>La d\u00e9cimo sexta marat\u00f3n se va a realizar entre las 10 y  13 hs. del d\u00eda domingo 5 de agosto, en un  circuito callejero que recorrer\u00e1 muchos sectores de nuestra ciudad, incluso un tramo de la Ruta Provincial N\u00b0 178, para las distancias de 10 y 21 km.<br \/>\nA diferencia de a\u00f1os anteriores, en esta oportunidad la largada ser\u00e1 sobre calle Tom\u00e1s De\u00e1n, llegando a calle San Mart\u00edn, tomando luego Pio Chiodi, hacia el norte. En determinados sectores, el circuito estar\u00e1 marcado con vallas.<br \/>\nSe contar\u00e1 con el acompa\u00f1amiento de la Agencia de Seguridad Vial de la Provincia de Santa Fe.<br \/>\nLos puestos de hidrataci\u00f3n para los atletas, nuevamente estar\u00e1n a cargo de la Juventud de CADAL y estar\u00e1n instalados frente a la casa natal de Delfo Cabrera, en el ingreso del \u00c1rea Industrial y a la llegada.<br \/>\nSe solicita a la comunidad evite circular en ese horario por las calles que conformar\u00e1n el circuito.<br \/>\nAsimismo se informa que en cada esquina se encontrar\u00e1 un banderillero que, para el caso de urgencia y\/o si no se encontrara ning\u00fan maratonista recorriendo por el tramo que se pretende pasar, se le dar\u00e1 paso.<br \/>\nTodos los armstronenses somos anfitriones de este evento multitudinario que ya cuenta con un reconocimiento a nivel nacional. Se invita a acompa\u00f1ar a los participantes alent\u00e1ndolos con el aliento y con el aplauso, hechos que los maratonistas reciben muy bien y los ayudan a llegar a la meta, eligiendo el marat\u00f3n Delfo Cabrera a\u00f1o tras a\u00f1o.<br \/>\nSe agradece desde ya la predisposici\u00f3n y paciencia de la comunidad para poder realizar y culminar de la mejor manera este homenaje anual a nuestro medallista ol\u00edmpico.<\/p>\n","protected":false},"excerpt":{"rendered":"<p>La d\u00e9cimo sexta marat\u00f3n se va a realizar entre las 10 y 13 hs. del d\u00eda domingo 5 de agosto, en un circuito callejero que recorrer\u00e1 muchos sectores de nuestra ciudad, incluso un tramo de la Ruta Provincial N\u00b0 178, para las distancias de 10 y 21 km. A diferencia de a\u00f1os anteriores, en esta <a href=\"https:\/\/armstrongyregion.com.ar\/diario\/armstrong-faltan-pocas-horas-para-el-gran-evento\/\" title=\"Read more\" >&#8230;<\/a><\/p>\n","protected":false},"author":1,"featured_media":18156,"comment_status":"open","ping_status":"open","sticky":false,"template":"","format":"standard","meta":{"_jetpack_memberships_contains_paid_content":false,"footnotes":"","jetpack_publicize_message":"","jetpack_publicize_feature_enabled":true,"jetpack_social_post_already_shared":false,"jetpack_social_options":{"image_generator_settings":{"template":"highway","default_image_id":0,"enabled":false},"version":2}},"categories":[8,5,1,2],"tags":[6326,1564,1563,1562],"class_list":["post-18152","post","type-post","status-publish","format-standard","has-post-thumbnail","hentry","category-deliberando","category-deportes","category-diario-armstrong","category-locales","tag-6326","tag-cabrera","tag-delfo","tag-maraton"],"jetpack_publicize_connections":[],"jetpack_featured_media_url":"https:\/\/armstrongyregion.com.ar\/diario\/wp-content\/uploads\/2018\/08\/circuito-maraton-2018-ok-4.jpg","jetpack_shortlink":"https:\/\/wp.me\/p62QDO-4IM","jetpack_sharing_enabled":true,"amp_enabled":true,"_links":{"self":[{"href":"https:\/\/armstrongyregion.com.ar\/diario\/wp-json\/wp\/v2\/posts\/18152","targetHints":{"allow":["GET"]}}],"collection":[{"href":"https:\/\/armstrongyregion.com.ar\/diario\/wp-json\/wp\/v2\/posts"}],"about":[{"href":"https:\/\/armstrongyregion.com.ar\/diario\/wp-json\/wp\/v2\/types\/post"}],"author":[{"embeddable":true,"href":"https:\/\/armstrongyregion.com.ar\/diario\/wp-json\/wp\/v2\/users\/1"}],"replies":[{"embeddable":true,"href":"https:\/\/armstrongyregion.com.ar\/diario\/wp-json\/wp\/v2\/comments?post=18152"}],"version-history":[{"count":0,"href":"https:\/\/armstrongyregion.com.ar\/diario\/wp-json\/wp\/v2\/posts\/18152\/revisions"}],"wp:featuredmedia":[{"embeddable":true,"href":"https:\/\/armstrongyregion.com.ar\/diario\/wp-json\/wp\/v2\/media\/18156"}],"wp:attachment":[{"href":"https:\/\/armstrongyregion.com.ar\/diario\/wp-json\/wp\/v2\/media?parent=18152"}],"wp:term":[{"taxonomy":"category","embeddable":true,"href":"https:\/\/armstrongyregion.com.ar\/diario\/wp-json\/wp\/v2\/categories?post=18152"},{"taxonomy":"post_tag","embeddable":true,"href":"https:\/\/armstrongyregion.com.ar\/diario\/wp-json\/wp\/v2\/tags?post=18152"}],"curies":[{"name":"wp","href":"https:\/\/api.w.org\/{rel}","templated":true}]}}