{"id":18132,"date":"2018-08-01T14:50:05","date_gmt":"2018-08-01T14:50:05","guid":{"rendered":"https:\/\/armstrongyregion.com.ar\/diario\/?p=18132"},"modified":"2018-08-01T14:50:05","modified_gmt":"2018-08-01T14:50:05","slug":"armstrong-segundo-encuentro-de-discapacidad-educacion-inclusion","status":"publish","type":"post","link":"https:\/\/armstrongyregion.com.ar\/diario\/armstrong-segundo-encuentro-de-discapacidad-educacion-inclusion\/","title":{"rendered":"Armstrong. Segundo encuentro de Discapacidad, Educaci\u00f3n, Inclusi\u00f3n."},"content":{"rendered":"<p><a href=\"http:\/\/armstrongyregion.com.ar\/diario\/wp-content\/uploads\/2018\/07\/discapacidad.jpg\"><img loading=\"lazy\" decoding=\"async\" src=\"http:\/\/armstrongyregion.com.ar\/diario\/wp-content\/uploads\/2018\/07\/discapacidad.jpg\" alt=\"discapacidad\" width=\"768\" height=\"431\" class=\"alignnone size-full wp-image-17974\" srcset=\"https:\/\/armstrongyregion.com.ar\/diario\/wp-content\/uploads\/2018\/07\/discapacidad.jpg 768w, https:\/\/armstrongyregion.com.ar\/diario\/wp-content\/uploads\/2018\/07\/discapacidad-300x168.jpg 300w\" sizes=\"auto, (max-width: 768px) 100vw, 768px\" \/><\/a>La Municipalidad de Armstrong desde la Direcci\u00f3n de Promoci\u00f3n Comunitaria junto al grupo Juntos por la Inclusi\u00f3n invita al 2\u00b0 encuentro sobre discapacidad, educaci\u00f3n e inclusi\u00f3n que se realizar\u00e1 el d\u00eda jueves 2 de agosto a las 18 hs. en el sal\u00f3n Delmo Dar\u00f3.<br \/>\nLa disertante ser\u00e1 la Prof. Mar\u00eda Jos\u00e9 Borsani, terapista ocupacional en salud mental por la Universidad Nacional de Rosario y maestra especializada en educaci\u00f3n diferencial.<br \/>\nEntre otros puntos, se tratar\u00e1 el tema de aulas inclusivas: estrategias e intervenciones posibles. Es por ello que la propuesta est\u00e1 dirigida al p\u00fablico en general especialmente a docentes y directivos de instituciones educativas.<br \/>\nLa entrada es libre y gratuita, y no se necesita inscripci\u00f3n previa para asistir.<\/p>\n","protected":false},"excerpt":{"rendered":"<p>La Municipalidad de Armstrong desde la Direcci\u00f3n de Promoci\u00f3n Comunitaria junto al grupo Juntos por la Inclusi\u00f3n invita al 2\u00b0 encuentro sobre discapacidad, educaci\u00f3n e inclusi\u00f3n que se realizar\u00e1 el d\u00eda jueves 2 de agosto a las 18 hs. en el sal\u00f3n Delmo Dar\u00f3. La disertante ser\u00e1 la Prof. Mar\u00eda Jos\u00e9 Borsani, terapista ocupacional en <a href=\"https:\/\/armstrongyregion.com.ar\/diario\/armstrong-segundo-encuentro-de-discapacidad-educacion-inclusion\/\" title=\"Read more\" >&#8230;<\/a><\/p>\n","protected":false},"author":1,"featured_media":17974,"comment_status":"open","ping_status":"open","sticky":false,"template":"","format":"standard","meta":{"_jetpack_memberships_contains_paid_content":false,"footnotes":"","jetpack_publicize_message":"","jetpack_publicize_feature_enabled":true,"jetpack_social_post_already_shared":false,"jetpack_social_options":{"image_generator_settings":{"template":"highway","default_image_id":0,"enabled":false},"version":2}},"categories":[1,2,7,3],"tags":[1845,6991,1569],"class_list":["post-18132","post","type-post","status-publish","format-standard","has-post-thumbnail","hentry","category-diario-armstrong","category-locales","category-politica","category-region","tag-educacion","tag-armstrong-segundo-encuentro-de-discapacidad","tag-inclusion"],"jetpack_publicize_connections":[],"jetpack_featured_media_url":"https:\/\/armstrongyregion.com.ar\/diario\/wp-content\/uploads\/2018\/07\/discapacidad.jpg","jetpack_shortlink":"https:\/\/wp.me\/p62QDO-4Is","jetpack_sharing_enabled":true,"amp_enabled":true,"_links":{"self":[{"href":"https:\/\/armstrongyregion.com.ar\/diario\/wp-json\/wp\/v2\/posts\/18132","targetHints":{"allow":["GET"]}}],"collection":[{"href":"https:\/\/armstrongyregion.com.ar\/diario\/wp-json\/wp\/v2\/posts"}],"about":[{"href":"https:\/\/armstrongyregion.com.ar\/diario\/wp-json\/wp\/v2\/types\/post"}],"author":[{"embeddable":true,"href":"https:\/\/armstrongyregion.com.ar\/diario\/wp-json\/wp\/v2\/users\/1"}],"replies":[{"embeddable":true,"href":"https:\/\/armstrongyregion.com.ar\/diario\/wp-json\/wp\/v2\/comments?post=18132"}],"version-history":[{"count":0,"href":"https:\/\/armstrongyregion.com.ar\/diario\/wp-json\/wp\/v2\/posts\/18132\/revisions"}],"wp:featuredmedia":[{"embeddable":true,"href":"https:\/\/armstrongyregion.com.ar\/diario\/wp-json\/wp\/v2\/media\/17974"}],"wp:attachment":[{"href":"https:\/\/armstrongyregion.com.ar\/diario\/wp-json\/wp\/v2\/media?parent=18132"}],"wp:term":[{"taxonomy":"category","embeddable":true,"href":"https:\/\/armstrongyregion.com.ar\/diario\/wp-json\/wp\/v2\/categories?post=18132"},{"taxonomy":"post_tag","embeddable":true,"href":"https:\/\/armstrongyregion.com.ar\/diario\/wp-json\/wp\/v2\/tags?post=18132"}],"curies":[{"name":"wp","href":"https:\/\/api.w.org\/{rel}","templated":true}]}}