{"id":18123,"date":"2018-07-31T17:10:56","date_gmt":"2018-07-31T17:10:56","guid":{"rendered":"https:\/\/armstrongyregion.com.ar\/diario\/?p=18123"},"modified":"2018-07-31T17:10:56","modified_gmt":"2018-07-31T17:10:56","slug":"deliberando-hoy-centro-de-jubilados-provinciales-y-politica-rosense","status":"publish","type":"post","link":"https:\/\/armstrongyregion.com.ar\/diario\/deliberando-hoy-centro-de-jubilados-provinciales-y-politica-rosense\/","title":{"rendered":"Deliberando: \u201cHoy, Centro de Jubilados Provinciales y Pol\u00edtica Rosense\u201d."},"content":{"rendered":"<p><a href=\"http:\/\/armstrongyregion.com.ar\/diario\/wp-content\/uploads\/2018\/07\/Tamoglia-Pelusa.jpg\"><img loading=\"lazy\" decoding=\"async\" src=\"http:\/\/armstrongyregion.com.ar\/diario\/wp-content\/uploads\/2018\/07\/Tamoglia-Pelusa.jpg\" alt=\"Tamoglia-Pelusa\" width=\"960\" height=\"720\" class=\"alignnone size-full wp-image-18124\" srcset=\"https:\/\/armstrongyregion.com.ar\/diario\/wp-content\/uploads\/2018\/07\/Tamoglia-Pelusa.jpg 960w, https:\/\/armstrongyregion.com.ar\/diario\/wp-content\/uploads\/2018\/07\/Tamoglia-Pelusa-300x225.jpg 300w\" sizes=\"auto, (max-width: 960px) 100vw, 960px\" \/><\/a>Hoy, martes 31 de Julio, Dilma Tamoglia y N\u00e9lida (Pelusa) Manaresi  referentes del Centro de Jubilados Provinciales participaran del programa televisivo Deliberando, quienes nos informaran sobre su labor y nos ofrecer\u00e1n una propuesta ya que la Reina Armstronense nos representara a nivel internacional.<br \/>\n<a href=\"http:\/\/armstrongyregion.com.ar\/diario\/wp-content\/uploads\/2018\/07\/Raul-.jpg\"><img loading=\"lazy\" decoding=\"async\" src=\"http:\/\/armstrongyregion.com.ar\/diario\/wp-content\/uploads\/2018\/07\/Raul-.jpg\" alt=\"Raul-\" width=\"960\" height=\"720\" class=\"alignnone size-full wp-image-18125\" srcset=\"https:\/\/armstrongyregion.com.ar\/diario\/wp-content\/uploads\/2018\/07\/Raul-.jpg 960w, https:\/\/armstrongyregion.com.ar\/diario\/wp-content\/uploads\/2018\/07\/Raul--300x225.jpg 300w\" sizes=\"auto, (max-width: 960px) 100vw, 960px\" \/><\/a>Ra\u00fal Ponzio, ex intendente rosense har\u00e1 una lectura sobre la pol\u00edtica, nacional, provincial y regional. Tambi\u00e9n consultaremos sobre  sobre sus proyectos y futuro pol\u00edtico.<br \/>\nMartes 21hs por Cable Imagen Armstrong.<\/p>\n","protected":false},"excerpt":{"rendered":"<p>Hoy, martes 31 de Julio, Dilma Tamoglia y N\u00e9lida (Pelusa) Manaresi referentes del Centro de Jubilados Provinciales participaran del programa televisivo Deliberando, quienes nos informaran sobre su labor y nos ofrecer\u00e1n una propuesta ya que la Reina Armstronense nos representara a nivel internacional. Ra\u00fal Ponzio, ex intendente rosense har\u00e1 una lectura sobre la pol\u00edtica, nacional, <a href=\"https:\/\/armstrongyregion.com.ar\/diario\/deliberando-hoy-centro-de-jubilados-provinciales-y-politica-rosense\/\" title=\"Read more\" >&#8230;<\/a><\/p>\n","protected":false},"author":1,"featured_media":18124,"comment_status":"open","ping_status":"open","sticky":false,"template":"","format":"standard","meta":{"_jetpack_memberships_contains_paid_content":false,"footnotes":"","jetpack_publicize_message":"","jetpack_publicize_feature_enabled":true,"jetpack_social_post_already_shared":false,"jetpack_social_options":{"image_generator_settings":{"template":"highway","default_image_id":0,"enabled":false},"version":2}},"categories":[8,1,2,7,3],"tags":[6988,2501],"class_list":["post-18123","post","type-post","status-publish","format-standard","has-post-thumbnail","hentry","category-deliberando","category-diario-armstrong","category-locales","category-politica","category-region","tag-centro-de-jubilados-provinciales-y-politica-rosense","tag-deliberando-hoy"],"jetpack_publicize_connections":[],"jetpack_featured_media_url":"https:\/\/armstrongyregion.com.ar\/diario\/wp-content\/uploads\/2018\/07\/Tamoglia-Pelusa.jpg","jetpack_shortlink":"https:\/\/wp.me\/p62QDO-4Ij","jetpack_sharing_enabled":true,"amp_enabled":true,"_links":{"self":[{"href":"https:\/\/armstrongyregion.com.ar\/diario\/wp-json\/wp\/v2\/posts\/18123","targetHints":{"allow":["GET"]}}],"collection":[{"href":"https:\/\/armstrongyregion.com.ar\/diario\/wp-json\/wp\/v2\/posts"}],"about":[{"href":"https:\/\/armstrongyregion.com.ar\/diario\/wp-json\/wp\/v2\/types\/post"}],"author":[{"embeddable":true,"href":"https:\/\/armstrongyregion.com.ar\/diario\/wp-json\/wp\/v2\/users\/1"}],"replies":[{"embeddable":true,"href":"https:\/\/armstrongyregion.com.ar\/diario\/wp-json\/wp\/v2\/comments?post=18123"}],"version-history":[{"count":0,"href":"https:\/\/armstrongyregion.com.ar\/diario\/wp-json\/wp\/v2\/posts\/18123\/revisions"}],"wp:featuredmedia":[{"embeddable":true,"href":"https:\/\/armstrongyregion.com.ar\/diario\/wp-json\/wp\/v2\/media\/18124"}],"wp:attachment":[{"href":"https:\/\/armstrongyregion.com.ar\/diario\/wp-json\/wp\/v2\/media?parent=18123"}],"wp:term":[{"taxonomy":"category","embeddable":true,"href":"https:\/\/armstrongyregion.com.ar\/diario\/wp-json\/wp\/v2\/categories?post=18123"},{"taxonomy":"post_tag","embeddable":true,"href":"https:\/\/armstrongyregion.com.ar\/diario\/wp-json\/wp\/v2\/tags?post=18123"}],"curies":[{"name":"wp","href":"https:\/\/api.w.org\/{rel}","templated":true}]}}