{"id":18117,"date":"2018-07-31T11:02:53","date_gmt":"2018-07-31T11:02:53","guid":{"rendered":"https:\/\/armstrongyregion.com.ar\/diario\/?p=18117"},"modified":"2018-07-31T11:02:53","modified_gmt":"2018-07-31T11:02:53","slug":"perotti-en-seguridad-el-socialismo-va-siempre-detras-de-los-acontecimientos","status":"publish","type":"post","link":"https:\/\/armstrongyregion.com.ar\/diario\/perotti-en-seguridad-el-socialismo-va-siempre-detras-de-los-acontecimientos\/","title":{"rendered":"Perotti: \u00abEn seguridad el Socialismo, va siempre detr\u00e1s de los acontecimientos\u00bb."},"content":{"rendered":"<p><a href=\"http:\/\/armstrongyregion.com.ar\/diario\/wp-content\/uploads\/2018\/07\/perotti-.jpg\"><img loading=\"lazy\" decoding=\"async\" src=\"http:\/\/armstrongyregion.com.ar\/diario\/wp-content\/uploads\/2018\/07\/perotti-.jpg\" alt=\"perotti-\" width=\"768\" height=\"512\" class=\"alignnone size-full wp-image-18118\" srcset=\"https:\/\/armstrongyregion.com.ar\/diario\/wp-content\/uploads\/2018\/07\/perotti-.jpg 768w, https:\/\/armstrongyregion.com.ar\/diario\/wp-content\/uploads\/2018\/07\/perotti--300x200.jpg 300w\" sizes=\"auto, (max-width: 768px) 100vw, 768px\" \/><\/a>Durante la presentaci\u00f3n de \u00abProyecto Santa Fe\u00bb en la ciudad de Villa<br \/>\nConstituci\u00f3n, Omar Perotti afirm\u00f3 que \u201cla gente siente que el socialismo<br \/>\nen materia de seguridad va siempre detr\u00e1s de los acontecimientos\u201d.<\/p>\n<p>En ese sentido, Perotti agreg\u00f3 que \u201chay reclamo de todos los<br \/>\nsantafesinos por mayor seguridad, una problem\u00e1tica que dej\u00f3 de ser solo<br \/>\nde las grandes ciudades como Rosario y Santa Fe para extenderse a cada<br \/>\nuna de las localidades de nuestra provincia\u201d.<\/p>\n<p>Las declaraciones las realiz\u00f3 en el marco de la jornada de trabajo<br \/>\n\u201dProyecto Santa Fe\u201d, donde profesionales, estudiantes y vecinos de todas<br \/>\nlas localidades del departamento Constituci\u00f3n se reunieron con el fin de<br \/>\naportar su visi\u00f3n de la realidad local y su mirada provincial.<\/p>\n<p>Esta vez, la cita fue en el Sal\u00f3n Coliseo de la ciudad y reuni\u00f3 a m\u00e1s de<br \/>\n300 personas. All\u00ed, Perotti explic\u00f3 que Proyecto Santa Fe es \u00abun espacio<br \/>\npara todos los vecinos, sin importar su pertenencia pol\u00edtica, que<br \/>\nquieran contribuir a mejorar la provincia y sientan el deseo de ser<br \/>\nprotagonistas en una Santa Fe diferente\u201d.<\/p>\n<p>\u201cEstoy convencido que este es el momento de construir una instancia<br \/>\nsuperadora que le haga sentir a los santafesinos que es posible vivir<br \/>\nmejor y tener una provincia m\u00e1s segura. En esa direcci\u00f3n estamos<br \/>\ntrabajando\u201d, dijo Perotti.<\/p>\n<p>\u201cPor ello, creemos que hay que construir de abajo hacia arriba, con la<br \/>\nmirada de cada una de nuestras ciudades y de cada uno de nuestros<br \/>\ndepartamentos\u201d indic\u00f3.<\/p>\n<p>Sobre la realidad del pa\u00eds, Perotti consider\u00f3 que \u201ces necesario que el<br \/>\ngobierno entienda que tiene que corregir el rumbo y poner la mirada en<br \/>\nla gente\u201d.<\/p>\n<p>La iniciativa ya tuvo su primera expresi\u00f3n en Rosario el pasado 5 de<br \/>\njunio y planea recorrer cada uno de los departamentos de la provincia.<\/p>\n","protected":false},"excerpt":{"rendered":"<p>Durante la presentaci\u00f3n de \u00abProyecto Santa Fe\u00bb en la ciudad de Villa Constituci\u00f3n, Omar Perotti afirm\u00f3 que \u201cla gente siente que el socialismo en materia de seguridad va siempre detr\u00e1s de los acontecimientos\u201d. En ese sentido, Perotti agreg\u00f3 que \u201chay reclamo de todos los santafesinos por mayor seguridad, una problem\u00e1tica que dej\u00f3 de ser solo <a href=\"https:\/\/armstrongyregion.com.ar\/diario\/perotti-en-seguridad-el-socialismo-va-siempre-detras-de-los-acontecimientos\/\" title=\"Read more\" >&#8230;<\/a><\/p>\n","protected":false},"author":1,"featured_media":18118,"comment_status":"open","ping_status":"open","sticky":false,"template":"","format":"standard","meta":{"_jetpack_memberships_contains_paid_content":false,"footnotes":"","jetpack_publicize_message":"","jetpack_publicize_feature_enabled":true,"jetpack_social_post_already_shared":false,"jetpack_social_options":{"image_generator_settings":{"template":"highway","default_image_id":0,"enabled":false},"version":2}},"categories":[8,1,7,3],"tags":[6985,6986],"class_list":["post-18117","post","type-post","status-publish","format-standard","has-post-thumbnail","hentry","category-deliberando","category-diario-armstrong","category-politica","category-region","tag-perotti-en-seguridad-el-socialismo","tag-va-siempre-detras-de-los-acontecimientos"],"jetpack_publicize_connections":[],"jetpack_featured_media_url":"https:\/\/armstrongyregion.com.ar\/diario\/wp-content\/uploads\/2018\/07\/perotti-.jpg","jetpack_shortlink":"https:\/\/wp.me\/p62QDO-4Id","jetpack_sharing_enabled":true,"amp_enabled":true,"_links":{"self":[{"href":"https:\/\/armstrongyregion.com.ar\/diario\/wp-json\/wp\/v2\/posts\/18117","targetHints":{"allow":["GET"]}}],"collection":[{"href":"https:\/\/armstrongyregion.com.ar\/diario\/wp-json\/wp\/v2\/posts"}],"about":[{"href":"https:\/\/armstrongyregion.com.ar\/diario\/wp-json\/wp\/v2\/types\/post"}],"author":[{"embeddable":true,"href":"https:\/\/armstrongyregion.com.ar\/diario\/wp-json\/wp\/v2\/users\/1"}],"replies":[{"embeddable":true,"href":"https:\/\/armstrongyregion.com.ar\/diario\/wp-json\/wp\/v2\/comments?post=18117"}],"version-history":[{"count":0,"href":"https:\/\/armstrongyregion.com.ar\/diario\/wp-json\/wp\/v2\/posts\/18117\/revisions"}],"wp:featuredmedia":[{"embeddable":true,"href":"https:\/\/armstrongyregion.com.ar\/diario\/wp-json\/wp\/v2\/media\/18118"}],"wp:attachment":[{"href":"https:\/\/armstrongyregion.com.ar\/diario\/wp-json\/wp\/v2\/media?parent=18117"}],"wp:term":[{"taxonomy":"category","embeddable":true,"href":"https:\/\/armstrongyregion.com.ar\/diario\/wp-json\/wp\/v2\/categories?post=18117"},{"taxonomy":"post_tag","embeddable":true,"href":"https:\/\/armstrongyregion.com.ar\/diario\/wp-json\/wp\/v2\/tags?post=18117"}],"curies":[{"name":"wp","href":"https:\/\/api.w.org\/{rel}","templated":true}]}}