{"id":18114,"date":"2018-07-31T00:41:13","date_gmt":"2018-07-31T00:41:13","guid":{"rendered":"https:\/\/armstrongyregion.com.ar\/diario\/?p=18114"},"modified":"2018-07-31T00:41:13","modified_gmt":"2018-07-31T00:41:13","slug":"el-cuerpo-activo-de-bomberos-voluntarios-se-sumara-al-reclamo-con-un-toque-de-sirena","status":"publish","type":"post","link":"https:\/\/armstrongyregion.com.ar\/diario\/el-cuerpo-activo-de-bomberos-voluntarios-se-sumara-al-reclamo-con-un-toque-de-sirena\/","title":{"rendered":"El Cuerpo Activo de Bomberos Voluntarios se sumara al reclamo con un toque de sirena."},"content":{"rendered":"<p><a href=\"http:\/\/armstrongyregion.com.ar\/diario\/wp-content\/uploads\/2018\/07\/valeri-walter.jpg\"><img loading=\"lazy\" decoding=\"async\" src=\"http:\/\/armstrongyregion.com.ar\/diario\/wp-content\/uploads\/2018\/07\/valeri-walter.jpg\" alt=\"valeri-walter\" width=\"768\" height=\"582\" class=\"alignnone size-full wp-image-18115\" srcset=\"https:\/\/armstrongyregion.com.ar\/diario\/wp-content\/uploads\/2018\/07\/valeri-walter.jpg 768w, https:\/\/armstrongyregion.com.ar\/diario\/wp-content\/uploads\/2018\/07\/valeri-walter-300x227.jpg 300w\" sizes=\"auto, (max-width: 768px) 100vw, 768px\" \/><\/a>En nuestra ciudad, el Jefe del Cuerpo Activo de Bomberos Voluntarios, Walter Valeri, en Conferencia de Prensa, traz\u00f3 un preocupante estado de situaci\u00f3n y manifest\u00f3 que Armstrong va a plegarse al reclamo, con un toque de sirena el pr\u00f3ximo jueves 2 de agosto.<br \/>\nEn este sentido, cabe aclarar que por Ley Nacional 25.054, el financiamiento del Sistema Nacional de Bomberos Voluntarios proviene de una cuenta de recaudaci\u00f3n donde todas las compa\u00f1\u00edas aseguradoras del pa\u00eds hacen su aporte obligatorio del 5 por mil a la Superintendencia de Seguros de la Naci\u00f3n, la cual trimestralmente transfiere al Ministerio de Hacienda lo recaudado, para que la Secretaria de Protecci\u00f3n Civil del Ministerio de Seguridad de la Naci\u00f3n realice las correspondientes trasferencias a las m\u00e1s de 1.000 Asociaciones, a las 25 Federaciones Provinciales y al Consejo. Es decir que estos fondos p\u00fablicos no constituyen un gasto p\u00fablico.<br \/>\nEl reclamo de los Bomberos Voluntarios lleg\u00f3 a Diputados.<br \/>\nLas autoridades del Consejo de Federaciones de Bomberos Voluntarios de la Rep\u00fablica Argentina, mantuvieron una importante reuni\u00f3n en la Honorable C\u00e1mara de Diputados de la Naci\u00f3n ante la falta de respuesta del gobierno nacional frente al reclamo por el desfinanciamiento que sufre el Sistema Nacional de Bomberos Voluntarios.<br \/>\nInvitados especialmente por el presidente de la Comisi\u00f3n de asuntos municipales, el diputado por la provincia de Buenos Aires Eduardo Bucca, expusieron la grave situaci\u00f3n de desfinanciamiento por la que atraviesa el sistema, la cual se viene produciendo desde hace dos a\u00f1os y encuentra hoy a los cuarteles de todo el pa\u00eds sin haber cobrado el subsidio para funcionamiento, capacitaci\u00f3n y equipamiento correspondiente al a\u00f1o 2018 y en algunos casos tampoco en el 2017.<br \/>\nEntrevista a Walter Valeri: Jorge Tagina.<br \/>\nEdici\u00f3n: Armstrong y Region.<\/p>\n","protected":false},"excerpt":{"rendered":"<p>En nuestra ciudad, el Jefe del Cuerpo Activo de Bomberos Voluntarios, Walter Valeri, en Conferencia de Prensa, traz\u00f3 un preocupante estado de situaci\u00f3n y manifest\u00f3 que Armstrong va a plegarse al reclamo, con un toque de sirena el pr\u00f3ximo jueves 2 de agosto. En este sentido, cabe aclarar que por Ley Nacional 25.054, el financiamiento <a href=\"https:\/\/armstrongyregion.com.ar\/diario\/el-cuerpo-activo-de-bomberos-voluntarios-se-sumara-al-reclamo-con-un-toque-de-sirena\/\" title=\"Read more\" >&#8230;<\/a><\/p>\n","protected":false},"author":1,"featured_media":18115,"comment_status":"open","ping_status":"open","sticky":false,"template":"","format":"standard","meta":{"_jetpack_memberships_contains_paid_content":false,"footnotes":"","jetpack_publicize_message":"","jetpack_publicize_feature_enabled":true,"jetpack_social_post_already_shared":false,"jetpack_social_options":{"image_generator_settings":{"template":"highway","default_image_id":0,"enabled":false},"version":2}},"categories":[8,1,2,7,3],"tags":[6984],"class_list":["post-18114","post","type-post","status-publish","format-standard","has-post-thumbnail","hentry","category-deliberando","category-diario-armstrong","category-locales","category-politica","category-region","tag-el-cuerpo-activo-de-bomberos-voluntarios-se-sumara-al-reclamo-con-un-toque-de-sirena"],"jetpack_publicize_connections":[],"jetpack_featured_media_url":"https:\/\/armstrongyregion.com.ar\/diario\/wp-content\/uploads\/2018\/07\/valeri-walter.jpg","jetpack_shortlink":"https:\/\/wp.me\/p62QDO-4Ia","jetpack_sharing_enabled":true,"amp_enabled":true,"_links":{"self":[{"href":"https:\/\/armstrongyregion.com.ar\/diario\/wp-json\/wp\/v2\/posts\/18114","targetHints":{"allow":["GET"]}}],"collection":[{"href":"https:\/\/armstrongyregion.com.ar\/diario\/wp-json\/wp\/v2\/posts"}],"about":[{"href":"https:\/\/armstrongyregion.com.ar\/diario\/wp-json\/wp\/v2\/types\/post"}],"author":[{"embeddable":true,"href":"https:\/\/armstrongyregion.com.ar\/diario\/wp-json\/wp\/v2\/users\/1"}],"replies":[{"embeddable":true,"href":"https:\/\/armstrongyregion.com.ar\/diario\/wp-json\/wp\/v2\/comments?post=18114"}],"version-history":[{"count":0,"href":"https:\/\/armstrongyregion.com.ar\/diario\/wp-json\/wp\/v2\/posts\/18114\/revisions"}],"wp:featuredmedia":[{"embeddable":true,"href":"https:\/\/armstrongyregion.com.ar\/diario\/wp-json\/wp\/v2\/media\/18115"}],"wp:attachment":[{"href":"https:\/\/armstrongyregion.com.ar\/diario\/wp-json\/wp\/v2\/media?parent=18114"}],"wp:term":[{"taxonomy":"category","embeddable":true,"href":"https:\/\/armstrongyregion.com.ar\/diario\/wp-json\/wp\/v2\/categories?post=18114"},{"taxonomy":"post_tag","embeddable":true,"href":"https:\/\/armstrongyregion.com.ar\/diario\/wp-json\/wp\/v2\/tags?post=18114"}],"curies":[{"name":"wp","href":"https:\/\/api.w.org\/{rel}","templated":true}]}}