{"id":18072,"date":"2018-07-28T13:26:07","date_gmt":"2018-07-28T13:26:07","guid":{"rendered":"https:\/\/armstrongyregion.com.ar\/diario\/?p=18072"},"modified":"2018-07-28T13:26:07","modified_gmt":"2018-07-28T13:26:07","slug":"municipales-confirmaron-el-paro-del-8-de-agosto-en-toda-la-provincia","status":"publish","type":"post","link":"https:\/\/armstrongyregion.com.ar\/diario\/municipales-confirmaron-el-paro-del-8-de-agosto-en-toda-la-provincia\/","title":{"rendered":"Municipales confirmaron el paro del 8 de agosto en toda la provincia."},"content":{"rendered":"<p><a href=\"http:\/\/armstrongyregion.com.ar\/diario\/wp-content\/uploads\/2018\/07\/festram.jpg_1305449671.jpg\"><img loading=\"lazy\" decoding=\"async\" src=\"http:\/\/armstrongyregion.com.ar\/diario\/wp-content\/uploads\/2018\/07\/festram.jpg_1305449671.jpg\" alt=\"festram.jpg_1305449671\" width=\"847\" height=\"476\" class=\"alignnone size-full wp-image-18073\" srcset=\"https:\/\/armstrongyregion.com.ar\/diario\/wp-content\/uploads\/2018\/07\/festram.jpg_1305449671.jpg 847w, https:\/\/armstrongyregion.com.ar\/diario\/wp-content\/uploads\/2018\/07\/festram.jpg_1305449671-300x169.jpg 300w\" sizes=\"auto, (max-width: 847px) 100vw, 847px\" \/><\/a>La Festram ratific\u00f3 la medida que hab\u00edan lanzado esta semana debido al conflicto que atraviesan los trabajadores de la municipalidad de Fray Luis Beltr\u00e1n. Acusan al intendente de esa localidad de \u00abno tener voluntad de resolver el problema\u00bb.<br \/>\nLa Federaci\u00f3n de Trabajadores Municipales (Festram) junto a los sindicatos del sector que la componen, confirmaron la realizaci\u00f3n de un paro de 24 horas el pr\u00f3ximo mi\u00e9rcoles 8 de agosto. Antes, el 1 de agosto, realizar\u00e1n una movilizaci\u00f3n frente a la Municipalidad de Fray Luis Beltr\u00e1n, donde se desat\u00f3 un conflicto por 7 empleados que fueron despedidos.<\/p>\n<p>La Festram confirm\u00f3 que llevar\u00e1n adelante un paro en todas las comunas y municipios de la provincia el 8 de agosto \u00abde no resolverse la reincorporaci\u00f3n de los siete trabajadores despedidos en esa localidad\u00bb, dijo Jesus Monz\u00f3n, secretario general del sindicato de Trabajadores Municipales de Capit\u00e1n Berm\u00fadez y de la CGT San Lorenzo.<\/p>\n<p>\u201cEn principio vamos a dejar claro lo que resolvi\u00f3 el plenario de secretarios generales de los gremios municipales de la provincia de Santa Fe, que es acompa\u00f1ar a todos los compa\u00f1eros  que han sido despedidos violando la Constituci\u00f3n Nacional y nuestras leyes\u201d, manifest\u00f3 Claudio Leoni, secretario general de Festram.<\/p>\n<p>\u201cLos compa\u00f1eros tienen garantizada la estabilidad laboral, y en este sentido hemos decidido convocar a una movilizaci\u00f3n el pr\u00f3ximo 1 de agosto en la que van a participar delegaciones de toda la provincia exigiendo al intendente municipal de Fray Luis Beltr\u00e1n la inmediata reincorporaci\u00f3n de todos los compa\u00f1eros que han sido despedidos\u201d, sigui\u00f3.<\/p>\n<p>Luego apunt\u00f3 que \u201csi esto no genera una respuesta concreta de parte de las autoridades municipales, continuaremos con un paro de 24 horas el 8 de agosto que va a involucrar a todas las municipalidades y comunas de la provincia de Santa Fe\u201d, detall\u00f3 el dirigente.<\/p>\n<p>El conflicto en la vecina localidad comenz\u00f3 el pasado 5 de enero, cuando los empleados municipales fueron despedidos.  En ese sentido, Leoni acus\u00f3 al intendente Mariano Cominelli de tener \u201cun doble discurso\u201d. \u201cHubo un acuerdo y luego lo rompi\u00f3, entonces eso es tener un doble discurso\u201d, asegur\u00f3.  <\/p>\n<p>\u201cSe hizo un gran esfuerzo, y estuvimos tratando de no llegar al conflicto y de resolver este tema. Se arm\u00f3 un \u00e1mbito de tipo judicial donde hab\u00eda un compromiso de resolver la cuesti\u00f3n y por la espalda hicieron una presentaci\u00f3n en contra de ese \u00e1mbito judicial. Y eso demuestra que no hay intenci\u00f3n de llegar un acuerdo\u201d, agreg\u00f3.<\/p>\n<p>\u201cNosotros suspendimos la decisi\u00f3n de tomar medidas de fuerza por una voluntad y responsabilidad de no echar nafta a la situaci\u00f3n social que se vive en la regi\u00f3n, pero la falta de respuesta del intendente y la decisi\u00f3n de mantenerse en forma irrestricta en una posici\u00f3n ilegal y autoritaria nos obliga a ir a un conflicto que no queremos\u201d, explic\u00f3 Leoni.<\/p>\n<p>Por \u00faltimo, enfatiz\u00f3 que \u201clo que el intendente le est\u00e1 haciendo a los compa\u00f1eros de Fray Luis Beltr\u00e1n se lo hace a los trabajadores municipales de toda la provincia. Si el 8 no est\u00e1n los compa\u00f1eros y compa\u00f1eras trabajando, vamos a hacer un paro en defensa del derecho m\u00e1s importante que tenemos todos nosotros que es el derecho a la estabilidad laboral\u201d.<\/p>\n<p>Por su parte, Antonio Ratner record\u00f3 que se hicieron varios intentos para resolver el conflicto de otra forma: \u201cIntentamos trabajar en forma conjunta, pero de un d\u00eda para otro el intendente decidi\u00f3 alejarse e interrumpir todo tipo de comunicaci\u00f3n y presentar judicialmente un rechazo a la petici\u00f3n gremial. El silencio que hay es lo que lleva a que el mi\u00e9rcoles pr\u00f3ximo movilicemos frente a la Municipalidad de Fray Luis Beltr\u00e1n y el pr\u00f3ximo 8 a un paro provincial para enfrentar este tipo de actitudes\u201d.<br \/>\nRosario3.com<\/p>\n","protected":false},"excerpt":{"rendered":"<p>La Festram ratific\u00f3 la medida que hab\u00edan lanzado esta semana debido al conflicto que atraviesan los trabajadores de la municipalidad de Fray Luis Beltr\u00e1n. Acusan al intendente de esa localidad de \u00abno tener voluntad de resolver el problema\u00bb. La Federaci\u00f3n de Trabajadores Municipales (Festram) junto a los sindicatos del sector que la componen, confirmaron la <a href=\"https:\/\/armstrongyregion.com.ar\/diario\/municipales-confirmaron-el-paro-del-8-de-agosto-en-toda-la-provincia\/\" title=\"Read more\" >&#8230;<\/a><\/p>\n","protected":false},"author":1,"featured_media":18073,"comment_status":"open","ping_status":"open","sticky":false,"template":"","format":"standard","meta":{"_jetpack_memberships_contains_paid_content":false,"footnotes":"","jetpack_publicize_message":"","jetpack_publicize_feature_enabled":true,"jetpack_social_post_already_shared":false,"jetpack_social_options":{"image_generator_settings":{"template":"highway","default_image_id":0,"enabled":false},"version":2}},"categories":[8,1,2,7,3],"tags":[6969],"class_list":["post-18072","post","type-post","status-publish","format-standard","has-post-thumbnail","hentry","category-deliberando","category-diario-armstrong","category-locales","category-politica","category-region","tag-municipales-confirmaron-el-paro-del-8-de-agosto-en-toda-la-provincia"],"jetpack_publicize_connections":[],"jetpack_featured_media_url":"https:\/\/armstrongyregion.com.ar\/diario\/wp-content\/uploads\/2018\/07\/festram.jpg_1305449671.jpg","jetpack_shortlink":"https:\/\/wp.me\/p62QDO-4Hu","jetpack_sharing_enabled":true,"amp_enabled":true,"_links":{"self":[{"href":"https:\/\/armstrongyregion.com.ar\/diario\/wp-json\/wp\/v2\/posts\/18072","targetHints":{"allow":["GET"]}}],"collection":[{"href":"https:\/\/armstrongyregion.com.ar\/diario\/wp-json\/wp\/v2\/posts"}],"about":[{"href":"https:\/\/armstrongyregion.com.ar\/diario\/wp-json\/wp\/v2\/types\/post"}],"author":[{"embeddable":true,"href":"https:\/\/armstrongyregion.com.ar\/diario\/wp-json\/wp\/v2\/users\/1"}],"replies":[{"embeddable":true,"href":"https:\/\/armstrongyregion.com.ar\/diario\/wp-json\/wp\/v2\/comments?post=18072"}],"version-history":[{"count":0,"href":"https:\/\/armstrongyregion.com.ar\/diario\/wp-json\/wp\/v2\/posts\/18072\/revisions"}],"wp:featuredmedia":[{"embeddable":true,"href":"https:\/\/armstrongyregion.com.ar\/diario\/wp-json\/wp\/v2\/media\/18073"}],"wp:attachment":[{"href":"https:\/\/armstrongyregion.com.ar\/diario\/wp-json\/wp\/v2\/media?parent=18072"}],"wp:term":[{"taxonomy":"category","embeddable":true,"href":"https:\/\/armstrongyregion.com.ar\/diario\/wp-json\/wp\/v2\/categories?post=18072"},{"taxonomy":"post_tag","embeddable":true,"href":"https:\/\/armstrongyregion.com.ar\/diario\/wp-json\/wp\/v2\/tags?post=18072"}],"curies":[{"name":"wp","href":"https:\/\/api.w.org\/{rel}","templated":true}]}}