{"id":1807,"date":"2015-04-17T01:45:25","date_gmt":"2015-04-17T01:45:25","guid":{"rendered":"https:\/\/armstrongyregion.com.ar\/diario\/?p=1807"},"modified":"2015-04-17T01:45:25","modified_gmt":"2015-04-17T01:45:25","slug":"las-penas-del-querer-en-correa%e2%80%8f","status":"publish","type":"post","link":"https:\/\/armstrongyregion.com.ar\/diario\/las-penas-del-querer-en-correa%e2%80%8f\/","title":{"rendered":"Las Pe\u00f1as del Querer en Correa\u200f."},"content":{"rendered":"<p><a href=\"http:\/\/armstrongyregion.com.ar\/diario\/wp-content\/uploads\/2015\/04\/pe\u00f1adelquerercorrea.jpg\"><img loading=\"lazy\" decoding=\"async\" class=\"alignnone size-medium wp-image-1808\" src=\"http:\/\/armstrongyregion.com.ar\/diario\/wp-content\/uploads\/2015\/04\/pe\u00f1adelquerercorrea-300x224.jpg\" alt=\"pe\u00f1adelquerercorrea\" width=\"300\" height=\"224\" srcset=\"https:\/\/armstrongyregion.com.ar\/diario\/wp-content\/uploads\/2015\/04\/pe\u00f1adelquerercorrea-300x224.jpg 300w, https:\/\/armstrongyregion.com.ar\/diario\/wp-content\/uploads\/2015\/04\/pe\u00f1adelquerercorrea.jpg 667w\" sizes=\"auto, (max-width: 300px) 100vw, 300px\" \/><\/a>El s\u00e1bado 25 de abril desde las 19:30 hs. en el sal\u00f3n de Sociedad Italiana Correa recibir\u00e1 \u201cLas Pe\u00f1as del Querer\u201d con la presentaci\u00f3n de cantantes, m\u00fasicos y bailarines de la localidad. La actividad es organizada por la Comuna de Correa y el Ministerio de Innovaci\u00f3n y Cultura del Gobierno de Santa Fe, como continuidad del programa Querer, Creer, Crear. Cuenta con entrada libre y gratuita, habr\u00e1 servicio de cantina y feria de emprendedores. Actuar\u00e1n Coral Pueblo, Daniel Manzi, Leandro Giordano, Facundo Arcec, La 12\/70, Nicol\u00e1s Scrinzi, Pe\u00f1a El Amanecer, Quiero Retruco, Rafa Ch\u00e1vez, Compa\u00f1\u00eda Alma Argentina, V\u00e9rtigo 66, La Teleseada, Jos\u00e9 Mar\u00eda Llona, Lucas Dibono, Ezequiel Pregot, Lady Styles, Danzas Brasileras del Club A. Correa, Lucas P\u00e9rez, Magal\u00ed Orellano, Javier Ledesma y Enrique \u201cNin\u201d Cirioni.<\/p>\n","protected":false},"excerpt":{"rendered":"<p>El s\u00e1bado 25 de abril desde las 19:30 hs. en el sal\u00f3n de Sociedad Italiana Correa recibir\u00e1 \u201cLas Pe\u00f1as del Querer\u201d con la presentaci\u00f3n de cantantes, m\u00fasicos y bailarines de la localidad. La actividad es organizada por la Comuna de Correa y el Ministerio de Innovaci\u00f3n y Cultura del Gobierno de Santa Fe, como continuidad <a href=\"https:\/\/armstrongyregion.com.ar\/diario\/las-penas-del-querer-en-correa%e2%80%8f\/\" title=\"Read more\" >&#8230;<\/a><\/p>\n","protected":false},"author":2,"featured_media":1808,"comment_status":"open","ping_status":"open","sticky":false,"template":"","format":"standard","meta":{"_jetpack_memberships_contains_paid_content":false,"footnotes":"","jetpack_publicize_message":"","jetpack_publicize_feature_enabled":true,"jetpack_social_post_already_shared":false,"jetpack_social_options":{"image_generator_settings":{"template":"highway","default_image_id":0,"enabled":false},"version":2}},"categories":[1,3],"tags":[1466,53,15,23,320,1465],"class_list":["post-1807","post","type-post","status-publish","format-standard","has-post-thumbnail","hentry","category-diario-armstrong","category-region","tag-correa","tag-del","tag-en","tag-las","tag-penas","tag-querer"],"jetpack_publicize_connections":[],"jetpack_featured_media_url":"https:\/\/armstrongyregion.com.ar\/diario\/wp-content\/uploads\/2015\/04\/pe\u00f1adelquerercorrea.jpg","jetpack_shortlink":"https:\/\/wp.me\/p62QDO-t9","jetpack_sharing_enabled":true,"amp_enabled":true,"_links":{"self":[{"href":"https:\/\/armstrongyregion.com.ar\/diario\/wp-json\/wp\/v2\/posts\/1807","targetHints":{"allow":["GET"]}}],"collection":[{"href":"https:\/\/armstrongyregion.com.ar\/diario\/wp-json\/wp\/v2\/posts"}],"about":[{"href":"https:\/\/armstrongyregion.com.ar\/diario\/wp-json\/wp\/v2\/types\/post"}],"author":[{"embeddable":true,"href":"https:\/\/armstrongyregion.com.ar\/diario\/wp-json\/wp\/v2\/users\/2"}],"replies":[{"embeddable":true,"href":"https:\/\/armstrongyregion.com.ar\/diario\/wp-json\/wp\/v2\/comments?post=1807"}],"version-history":[{"count":0,"href":"https:\/\/armstrongyregion.com.ar\/diario\/wp-json\/wp\/v2\/posts\/1807\/revisions"}],"wp:featuredmedia":[{"embeddable":true,"href":"https:\/\/armstrongyregion.com.ar\/diario\/wp-json\/wp\/v2\/media\/1808"}],"wp:attachment":[{"href":"https:\/\/armstrongyregion.com.ar\/diario\/wp-json\/wp\/v2\/media?parent=1807"}],"wp:term":[{"taxonomy":"category","embeddable":true,"href":"https:\/\/armstrongyregion.com.ar\/diario\/wp-json\/wp\/v2\/categories?post=1807"},{"taxonomy":"post_tag","embeddable":true,"href":"https:\/\/armstrongyregion.com.ar\/diario\/wp-json\/wp\/v2\/tags?post=1807"}],"curies":[{"name":"wp","href":"https:\/\/api.w.org\/{rel}","templated":true}]}}