{"id":18066,"date":"2018-07-28T02:08:09","date_gmt":"2018-07-28T02:08:09","guid":{"rendered":"https:\/\/armstrongyregion.com.ar\/diario\/?p=18066"},"modified":"2018-07-28T02:30:50","modified_gmt":"2018-07-28T02:30:50","slug":"las-rosas-se-presentaron-dos-nuevos-camiones-0-km-con-caja-volcadora","status":"publish","type":"post","link":"https:\/\/armstrongyregion.com.ar\/diario\/las-rosas-se-presentaron-dos-nuevos-camiones-0-km-con-caja-volcadora\/","title":{"rendered":"Las Rosas. Se presentaron dos nuevos camiones 0 km. con caja volcadora."},"content":{"rendered":"<p><a href=\"http:\/\/armstrongyregion.com.ar\/diario\/wp-content\/uploads\/2018\/07\/camion.rosense.jpg\"><img loading=\"lazy\" decoding=\"async\" src=\"http:\/\/armstrongyregion.com.ar\/diario\/wp-content\/uploads\/2018\/07\/camion.rosense.jpg\" alt=\"camion.rosense\" width=\"800\" height=\"450\" class=\"alignnone size-full wp-image-18067\" srcset=\"https:\/\/armstrongyregion.com.ar\/diario\/wp-content\/uploads\/2018\/07\/camion.rosense.jpg 800w, https:\/\/armstrongyregion.com.ar\/diario\/wp-content\/uploads\/2018\/07\/camion.rosense-300x169.jpg 300w\" sizes=\"auto, (max-width: 800px) 100vw, 800px\" \/><\/a>Se trata de las dos unidades Fiat Iveco, que fueron comprados con recursos exclusivamente municipales; sin aportes de la Provincia ni de la Naci\u00f3n.<br \/>\nConceptos del Intendente Javier Meyer:<\/p>\n<p>&#8211;          Es algo que me llena de orgullo y alegr\u00eda, porque se compraron con plata neta del municipio de Las Rosas. Ac\u00e1 no hay aportes del gobierno provincial ni nacional, esta adquisici\u00f3n es gracias a las tasas y contribuciones que pagan los vecinos rosenses.<\/p>\n<p>&#8211;          Esto es un ejemplo que damos para las gestiones &#8211; sean del \u00e1mbito que sea-, de como manejando bien los recursos, teniendo un gabinete chico, optimizando el trabajo del personal, haciendo gesti\u00f3n de cobranzas, etc.. Es de recordar que hace 3 a\u00f1os atr\u00e1s el frentista deb\u00eda comprar un foco para que se coloque, y ahora tenemos claramente un rumbo distinto: estos camiones son de Las Rosas, quedan para el pueblo.<\/p>\n<p>&#8211;          Cuando empec\u00e9 dije que una de las primeras cuestiones a resolver era mejorar  el parque automotor. Y vemos que estamos a punto de concretarlo totalmente.<\/p>\n<p>&#8211;          Vendr\u00e1n otras inversiones. Tenemos para adquirir una motoniveladora con fondos FOCOM 2017, apenas lo recibamos del gobierno de Santa Fe. Pero de todas maneras tendremos que aportar casi de $ 1.000.000.- de fondos municipales, porque la inflaci\u00f3n increment\u00f3 los precios.<\/p>\n<p>&#8211;          Muy contento de estar al frente de este equipo de trabajo, y con contribuyentes que saben a donde vamos y nos est\u00e1 apoyando constantemente.<br \/>\nFuente: Las Rosas Digital.<\/p>\n","protected":false},"excerpt":{"rendered":"<p>Se trata de las dos unidades Fiat Iveco, que fueron comprados con recursos exclusivamente municipales; sin aportes de la Provincia ni de la Naci\u00f3n. Conceptos del Intendente Javier Meyer: &#8211; Es algo que me llena de orgullo y alegr\u00eda, porque se compraron con plata neta del municipio de Las Rosas. Ac\u00e1 no hay aportes del <a href=\"https:\/\/armstrongyregion.com.ar\/diario\/las-rosas-se-presentaron-dos-nuevos-camiones-0-km-con-caja-volcadora\/\" title=\"Read more\" >&#8230;<\/a><\/p>\n","protected":false},"author":1,"featured_media":18067,"comment_status":"open","ping_status":"open","sticky":false,"template":"","format":"standard","meta":{"_jetpack_memberships_contains_paid_content":false,"footnotes":"","jetpack_publicize_message":"","jetpack_publicize_feature_enabled":true,"jetpack_social_post_already_shared":false,"jetpack_social_options":{"image_generator_settings":{"template":"highway","default_image_id":0,"enabled":false},"version":2}},"categories":[8,1,3],"tags":[6968],"class_list":["post-18066","post","type-post","status-publish","format-standard","has-post-thumbnail","hentry","category-deliberando","category-diario-armstrong","category-region","tag-se-presentaron-dos-nuevos-camiones-0-km-con-caja-volcadora"],"jetpack_publicize_connections":[],"jetpack_featured_media_url":"https:\/\/armstrongyregion.com.ar\/diario\/wp-content\/uploads\/2018\/07\/camion.rosense.jpg","jetpack_shortlink":"https:\/\/wp.me\/p62QDO-4Ho","jetpack_sharing_enabled":true,"amp_enabled":true,"_links":{"self":[{"href":"https:\/\/armstrongyregion.com.ar\/diario\/wp-json\/wp\/v2\/posts\/18066","targetHints":{"allow":["GET"]}}],"collection":[{"href":"https:\/\/armstrongyregion.com.ar\/diario\/wp-json\/wp\/v2\/posts"}],"about":[{"href":"https:\/\/armstrongyregion.com.ar\/diario\/wp-json\/wp\/v2\/types\/post"}],"author":[{"embeddable":true,"href":"https:\/\/armstrongyregion.com.ar\/diario\/wp-json\/wp\/v2\/users\/1"}],"replies":[{"embeddable":true,"href":"https:\/\/armstrongyregion.com.ar\/diario\/wp-json\/wp\/v2\/comments?post=18066"}],"version-history":[{"count":0,"href":"https:\/\/armstrongyregion.com.ar\/diario\/wp-json\/wp\/v2\/posts\/18066\/revisions"}],"wp:featuredmedia":[{"embeddable":true,"href":"https:\/\/armstrongyregion.com.ar\/diario\/wp-json\/wp\/v2\/media\/18067"}],"wp:attachment":[{"href":"https:\/\/armstrongyregion.com.ar\/diario\/wp-json\/wp\/v2\/media?parent=18066"}],"wp:term":[{"taxonomy":"category","embeddable":true,"href":"https:\/\/armstrongyregion.com.ar\/diario\/wp-json\/wp\/v2\/categories?post=18066"},{"taxonomy":"post_tag","embeddable":true,"href":"https:\/\/armstrongyregion.com.ar\/diario\/wp-json\/wp\/v2\/tags?post=18066"}],"curies":[{"name":"wp","href":"https:\/\/api.w.org\/{rel}","templated":true}]}}