{"id":18062,"date":"2018-07-28T01:46:51","date_gmt":"2018-07-28T01:46:51","guid":{"rendered":"https:\/\/armstrongyregion.com.ar\/diario\/?p=18062"},"modified":"2018-07-28T01:46:51","modified_gmt":"2018-07-28T01:46:51","slug":"las-rosas-encuentro-de-tenis-adaptado","status":"publish","type":"post","link":"https:\/\/armstrongyregion.com.ar\/diario\/las-rosas-encuentro-de-tenis-adaptado\/","title":{"rendered":"Las Rosas: Encuentro de Tenis Adaptado."},"content":{"rendered":"<p><a href=\"http:\/\/armstrongyregion.com.ar\/diario\/wp-content\/uploads\/2018\/07\/tenis.-adap.jpg\"><img loading=\"lazy\" decoding=\"async\" src=\"http:\/\/armstrongyregion.com.ar\/diario\/wp-content\/uploads\/2018\/07\/tenis.-adap.jpg\" alt=\"tenis. adap\" width=\"768\" height=\"399\" class=\"alignnone size-full wp-image-18063\" srcset=\"https:\/\/armstrongyregion.com.ar\/diario\/wp-content\/uploads\/2018\/07\/tenis.-adap.jpg 768w, https:\/\/armstrongyregion.com.ar\/diario\/wp-content\/uploads\/2018\/07\/tenis.-adap-300x156.jpg 300w\" sizes=\"auto, (max-width: 768px) 100vw, 768px\" \/><\/a>Al cumplirse un a\u00f1o del inicio del deporte adaptado, se realiz\u00f3 este viernes 27 en Club Williams Kemmis, participando chicos de distintas instituciones del departamento Belgrano.<br \/>\nAdem\u00e1s de la Escuela de Tenis Adaptado de nuestra ciudad, estuvieron presentes  la escuela de Tenis Adaptado Facu Bagnis -de Armstrong- y  el Club Lariviere -de Las Parejas-.<\/p>\n<p><a href=\"http:\/\/armstrongyregion.com.ar\/diario\/wp-content\/uploads\/2018\/07\/tenis-adap-1.jpg\"><img loading=\"lazy\" decoding=\"async\" src=\"http:\/\/armstrongyregion.com.ar\/diario\/wp-content\/uploads\/2018\/07\/tenis-adap-1.jpg\" alt=\"tenis-adap-1\" width=\"960\" height=\"720\" class=\"alignnone size-full wp-image-18064\" srcset=\"https:\/\/armstrongyregion.com.ar\/diario\/wp-content\/uploads\/2018\/07\/tenis-adap-1.jpg 960w, https:\/\/armstrongyregion.com.ar\/diario\/wp-content\/uploads\/2018\/07\/tenis-adap-1-300x225.jpg 300w\" sizes=\"auto, (max-width: 960px) 100vw, 960px\" \/><\/a>La jornada fue coordinada por Marcos Di Santo, de Fundaci\u00f3n Estar Edu Schwank, qui\u00e9n lleva el proyecto de actividades adaptadas desde hace un a\u00f1o.<\/p>\n<p>\u201cCasi 40 chicos de diferentes instituciones del Departamento Belgrano tuvieron un jornada de juegos y m\u00fasica junto a familiares y amigos. Si bien el clima no acompa\u00f1o, s\u00ed lo hicieron los chicos. La jornada fue completa. No falt\u00f3 nada. Sobraba felicidad y emoci\u00f3n\u201d, dijo Di Santo. \u201cQuiero dejar mis felicitaciones a los profes Nacho Scalerandi, Agustina Cairo,Miguel Forchino, Florencia Marconi, Sof\u00eda Castro, Marcelo Guti\u00e9rrez y el profe Maca del Centro de d\u00eda de Las Parejas junto a otros profesionales y colaboradores. Contamos como ya es habitual con el fuerte acompa\u00f1amiento del Senador Guillermo Cornaglia y el auspicio de Banco Credicoop\u201d.<br \/>\nLas Rosas Digital.<\/p>\n","protected":false},"excerpt":{"rendered":"<p>Al cumplirse un a\u00f1o del inicio del deporte adaptado, se realiz\u00f3 este viernes 27 en Club Williams Kemmis, participando chicos de distintas instituciones del departamento Belgrano. Adem\u00e1s de la Escuela de Tenis Adaptado de nuestra ciudad, estuvieron presentes la escuela de Tenis Adaptado Facu Bagnis -de Armstrong- y el Club Lariviere -de Las Parejas-. La <a href=\"https:\/\/armstrongyregion.com.ar\/diario\/las-rosas-encuentro-de-tenis-adaptado\/\" title=\"Read more\" >&#8230;<\/a><\/p>\n","protected":false},"author":1,"featured_media":18063,"comment_status":"open","ping_status":"open","sticky":false,"template":"","format":"standard","meta":{"_jetpack_memberships_contains_paid_content":false,"footnotes":"","jetpack_publicize_message":"","jetpack_publicize_feature_enabled":true,"jetpack_social_post_already_shared":false,"jetpack_social_options":{"image_generator_settings":{"template":"highway","default_image_id":0,"enabled":false},"version":2}},"categories":[6,8,5,1,3],"tags":[6967],"class_list":["post-18062","post","type-post","status-publish","format-standard","has-post-thumbnail","hentry","category-cultura-entretenimiento","category-deliberando","category-deportes","category-diario-armstrong","category-region","tag-las-rosas-encuentro-de-tenis-adaptado"],"jetpack_publicize_connections":[],"jetpack_featured_media_url":"https:\/\/armstrongyregion.com.ar\/diario\/wp-content\/uploads\/2018\/07\/tenis.-adap.jpg","jetpack_shortlink":"https:\/\/wp.me\/p62QDO-4Hk","jetpack_sharing_enabled":true,"amp_enabled":true,"_links":{"self":[{"href":"https:\/\/armstrongyregion.com.ar\/diario\/wp-json\/wp\/v2\/posts\/18062","targetHints":{"allow":["GET"]}}],"collection":[{"href":"https:\/\/armstrongyregion.com.ar\/diario\/wp-json\/wp\/v2\/posts"}],"about":[{"href":"https:\/\/armstrongyregion.com.ar\/diario\/wp-json\/wp\/v2\/types\/post"}],"author":[{"embeddable":true,"href":"https:\/\/armstrongyregion.com.ar\/diario\/wp-json\/wp\/v2\/users\/1"}],"replies":[{"embeddable":true,"href":"https:\/\/armstrongyregion.com.ar\/diario\/wp-json\/wp\/v2\/comments?post=18062"}],"version-history":[{"count":0,"href":"https:\/\/armstrongyregion.com.ar\/diario\/wp-json\/wp\/v2\/posts\/18062\/revisions"}],"wp:featuredmedia":[{"embeddable":true,"href":"https:\/\/armstrongyregion.com.ar\/diario\/wp-json\/wp\/v2\/media\/18063"}],"wp:attachment":[{"href":"https:\/\/armstrongyregion.com.ar\/diario\/wp-json\/wp\/v2\/media?parent=18062"}],"wp:term":[{"taxonomy":"category","embeddable":true,"href":"https:\/\/armstrongyregion.com.ar\/diario\/wp-json\/wp\/v2\/categories?post=18062"},{"taxonomy":"post_tag","embeddable":true,"href":"https:\/\/armstrongyregion.com.ar\/diario\/wp-json\/wp\/v2\/tags?post=18062"}],"curies":[{"name":"wp","href":"https:\/\/api.w.org\/{rel}","templated":true}]}}