{"id":17969,"date":"2018-07-18T23:54:23","date_gmt":"2018-07-18T23:54:23","guid":{"rendered":"https:\/\/armstrongyregion.com.ar\/diario\/?p=17969"},"modified":"2018-07-18T23:54:23","modified_gmt":"2018-07-18T23:54:23","slug":"armstrong-copa-challenger-delfo-cabrera","status":"publish","type":"post","link":"https:\/\/armstrongyregion.com.ar\/diario\/armstrong-copa-challenger-delfo-cabrera\/","title":{"rendered":"Armstrong. Copa Challenger Delfo Cabrera."},"content":{"rendered":"<p><a href=\"http:\/\/armstrongyregion.com.ar\/diario\/wp-content\/uploads\/2018\/07\/file-2.jpeg\"><img loading=\"lazy\" decoding=\"async\" src=\"http:\/\/armstrongyregion.com.ar\/diario\/wp-content\/uploads\/2018\/07\/file-2.jpeg\" alt=\"file (2)\" width=\"768\" height=\"508\" class=\"alignnone size-full wp-image-17970\" srcset=\"https:\/\/armstrongyregion.com.ar\/diario\/wp-content\/uploads\/2018\/07\/file-2.jpeg 768w, https:\/\/armstrongyregion.com.ar\/diario\/wp-content\/uploads\/2018\/07\/file-2-300x198.jpeg 300w\" sizes=\"auto, (max-width: 768px) 100vw, 768px\" \/><\/a>En la edici\u00f3n del a\u00f1o 2016, la Municipalidad de Armstrong incorpor\u00f3 a la premiaci\u00f3n del Marat\u00f3n Homenaje a Delfo Cabrera la Copa Challenger con motivo del Bicentenario de la Independencia de nuestro pa\u00eds.<br \/>\nDesde entonces, esta distinci\u00f3n se entrega al atleta que logre alcanzar el primer puesto de la clasificaci\u00f3n general de  los 21 km., pudiendo llev\u00e1rsela definitivamente despu\u00e9s de obtenerla durante tres a\u00f1os consecutivos o cinco intercalados.<br \/>\n<a href=\"http:\/\/armstrongyregion.com.ar\/diario\/wp-content\/uploads\/2018\/07\/FB_IMG_1531855230375_1531855267132.jpg\"><img loading=\"lazy\" decoding=\"async\" src=\"http:\/\/armstrongyregion.com.ar\/diario\/wp-content\/uploads\/2018\/07\/FB_IMG_1531855230375_1531855267132.jpg\" alt=\"FB_IMG_1531855230375_1531855267132\" width=\"728\" height=\"640\" class=\"alignnone size-full wp-image-17971\" srcset=\"https:\/\/armstrongyregion.com.ar\/diario\/wp-content\/uploads\/2018\/07\/FB_IMG_1531855230375_1531855267132.jpg 728w, https:\/\/armstrongyregion.com.ar\/diario\/wp-content\/uploads\/2018\/07\/FB_IMG_1531855230375_1531855267132-300x264.jpg 300w\" sizes=\"auto, (max-width: 728px) 100vw, 728px\" \/><\/a>En el a\u00f1o 2016 quien conquist\u00f3 este logro fue Nicol\u00e1s Ternavasio, mientras que en el a\u00f1o 2017 este premio fue para Cristian Meneguzzi, dos atletas santafesinos que nos honran con sus presencias en cada encuentro.<br \/>\nVeremos qui\u00e9n ser\u00e1 el ganador este pr\u00f3ximo domingo 5 de agosto\u2026<\/p>\n","protected":false},"excerpt":{"rendered":"<p>En la edici\u00f3n del a\u00f1o 2016, la Municipalidad de Armstrong incorpor\u00f3 a la premiaci\u00f3n del Marat\u00f3n Homenaje a Delfo Cabrera la Copa Challenger con motivo del Bicentenario de la Independencia de nuestro pa\u00eds. Desde entonces, esta distinci\u00f3n se entrega al atleta que logre alcanzar el primer puesto de la clasificaci\u00f3n general de los 21 km., <a href=\"https:\/\/armstrongyregion.com.ar\/diario\/armstrong-copa-challenger-delfo-cabrera\/\" title=\"Read more\" >&#8230;<\/a><\/p>\n","protected":false},"author":1,"featured_media":17970,"comment_status":"open","ping_status":"open","sticky":false,"template":"","format":"standard","meta":{"_jetpack_memberships_contains_paid_content":false,"footnotes":"","jetpack_publicize_message":"","jetpack_publicize_feature_enabled":true,"jetpack_social_post_already_shared":false,"jetpack_social_options":{"image_generator_settings":{"template":"highway","default_image_id":0,"enabled":false},"version":2}},"categories":[8,5,1,2,3],"tags":[6944],"class_list":["post-17969","post","type-post","status-publish","format-standard","has-post-thumbnail","hentry","category-deliberando","category-deportes","category-diario-armstrong","category-locales","category-region","tag-copa-challenger-delfo-cabrera"],"jetpack_publicize_connections":[],"jetpack_featured_media_url":"https:\/\/armstrongyregion.com.ar\/diario\/wp-content\/uploads\/2018\/07\/file-2.jpeg","jetpack_shortlink":"https:\/\/wp.me\/p62QDO-4FP","jetpack_sharing_enabled":true,"amp_enabled":true,"_links":{"self":[{"href":"https:\/\/armstrongyregion.com.ar\/diario\/wp-json\/wp\/v2\/posts\/17969","targetHints":{"allow":["GET"]}}],"collection":[{"href":"https:\/\/armstrongyregion.com.ar\/diario\/wp-json\/wp\/v2\/posts"}],"about":[{"href":"https:\/\/armstrongyregion.com.ar\/diario\/wp-json\/wp\/v2\/types\/post"}],"author":[{"embeddable":true,"href":"https:\/\/armstrongyregion.com.ar\/diario\/wp-json\/wp\/v2\/users\/1"}],"replies":[{"embeddable":true,"href":"https:\/\/armstrongyregion.com.ar\/diario\/wp-json\/wp\/v2\/comments?post=17969"}],"version-history":[{"count":0,"href":"https:\/\/armstrongyregion.com.ar\/diario\/wp-json\/wp\/v2\/posts\/17969\/revisions"}],"wp:featuredmedia":[{"embeddable":true,"href":"https:\/\/armstrongyregion.com.ar\/diario\/wp-json\/wp\/v2\/media\/17970"}],"wp:attachment":[{"href":"https:\/\/armstrongyregion.com.ar\/diario\/wp-json\/wp\/v2\/media?parent=17969"}],"wp:term":[{"taxonomy":"category","embeddable":true,"href":"https:\/\/armstrongyregion.com.ar\/diario\/wp-json\/wp\/v2\/categories?post=17969"},{"taxonomy":"post_tag","embeddable":true,"href":"https:\/\/armstrongyregion.com.ar\/diario\/wp-json\/wp\/v2\/tags?post=17969"}],"curies":[{"name":"wp","href":"https:\/\/api.w.org\/{rel}","templated":true}]}}