{"id":17958,"date":"2018-07-18T00:37:49","date_gmt":"2018-07-18T00:37:49","guid":{"rendered":"https:\/\/armstrongyregion.com.ar\/diario\/?p=17958"},"modified":"2018-07-18T00:37:49","modified_gmt":"2018-07-18T00:37:49","slug":"canada-de-gomez-charla-sobre-lineas-de-credito-nacion-emprende-en-casa-del-senado","status":"publish","type":"post","link":"https:\/\/armstrongyregion.com.ar\/diario\/canada-de-gomez-charla-sobre-lineas-de-credito-nacion-emprende-en-casa-del-senado\/","title":{"rendered":"Ca\u00f1ada de G\u00f3mez. Charla sobre lineas de cr\u00e9dito \u00abNaci\u00f3n Emprende\u00bb en Casa del Senado."},"content":{"rendered":"<p><a href=\"http:\/\/armstrongyregion.com.ar\/diario\/wp-content\/uploads\/2018\/07\/creditos.jpg\"><img loading=\"lazy\" decoding=\"async\" src=\"http:\/\/armstrongyregion.com.ar\/diario\/wp-content\/uploads\/2018\/07\/creditos.jpg\" alt=\"creditos\" width=\"768\" height=\"512\" class=\"alignnone size-full wp-image-17959\" srcset=\"https:\/\/armstrongyregion.com.ar\/diario\/wp-content\/uploads\/2018\/07\/creditos.jpg 768w, https:\/\/armstrongyregion.com.ar\/diario\/wp-content\/uploads\/2018\/07\/creditos-300x200.jpg 300w\" sizes=\"auto, (max-width: 768px) 100vw, 768px\" \/><\/a>El Senador Hugo Jes\u00fas Rasetto tiene el agrado de invitar a la \u201cCharla Informativa sobre las L\u00edneas para Emprendedores del Banco de la Naci\u00f3n Argentina\u201d que estar\u00e1 a cargo del equipo Naci\u00f3n Emprende.<br \/>\nNaci\u00f3n Emprende es un conjunto de acciones y herramientas destinadas a las MICROEMPRESAS y EMPRENDEDORES con el objeto de financiar a todos los sectores de la econom\u00eda, promoviendo el desarrollo local, la creaci\u00f3n de empleo, la formalizaci\u00f3n de actividades y la inclusi\u00f3n financiera en todo el pa\u00eds.<br \/>\nAdem\u00e1s, mediante la coordinaci\u00f3n de acciones con organismos p\u00fablicos, privados y\/o mixtos, ofrece:<br \/>\n-Asistencia t\u00e9cnica y capacitaci\u00f3n a los emprendedores<br \/>\n-Bonificaci\u00f3n de tasas<br \/>\n-Mecanismos de garant\u00edas<br \/>\nLa misma se realizar\u00e1 en la Casa del Senado del Departamento Iriondo, San Mart\u00edn 469 \u2013 Ca\u00f1ada de G\u00f3mez, el d\u00eda 6 de agosto a las 18 hs.<br \/>\nPara asistir, deber\u00e1n confirmar presencia al: 03471-420171 de 8.30 a 12.30, personalmente en la Casa del Senado, San Mart\u00edn 469, o por e-mail a hugojesusrasetto@gmail.com<\/p>\n","protected":false},"excerpt":{"rendered":"<p>El Senador Hugo Jes\u00fas Rasetto tiene el agrado de invitar a la \u201cCharla Informativa sobre las L\u00edneas para Emprendedores del Banco de la Naci\u00f3n Argentina\u201d que estar\u00e1 a cargo del equipo Naci\u00f3n Emprende. Naci\u00f3n Emprende es un conjunto de acciones y herramientas destinadas a las MICROEMPRESAS y EMPRENDEDORES con el objeto de financiar a todos <a href=\"https:\/\/armstrongyregion.com.ar\/diario\/canada-de-gomez-charla-sobre-lineas-de-credito-nacion-emprende-en-casa-del-senado\/\" title=\"Read more\" >&#8230;<\/a><\/p>\n","protected":false},"author":1,"featured_media":17959,"comment_status":"open","ping_status":"open","sticky":false,"template":"","format":"standard","meta":{"_jetpack_memberships_contains_paid_content":false,"footnotes":"","jetpack_publicize_message":"","jetpack_publicize_feature_enabled":true,"jetpack_social_post_already_shared":false,"jetpack_social_options":{"image_generator_settings":{"template":"highway","default_image_id":0,"enabled":false},"version":2}},"categories":[8,1,7,3],"tags":[6941],"class_list":["post-17958","post","type-post","status-publish","format-standard","has-post-thumbnail","hentry","category-deliberando","category-diario-armstrong","category-politica","category-region","tag-charla-sobre-lineas-de-credito-nacion-emprende-en-casa-del-senado"],"jetpack_publicize_connections":[],"jetpack_featured_media_url":"https:\/\/armstrongyregion.com.ar\/diario\/wp-content\/uploads\/2018\/07\/creditos.jpg","jetpack_shortlink":"https:\/\/wp.me\/p62QDO-4FE","jetpack_sharing_enabled":true,"amp_enabled":true,"_links":{"self":[{"href":"https:\/\/armstrongyregion.com.ar\/diario\/wp-json\/wp\/v2\/posts\/17958","targetHints":{"allow":["GET"]}}],"collection":[{"href":"https:\/\/armstrongyregion.com.ar\/diario\/wp-json\/wp\/v2\/posts"}],"about":[{"href":"https:\/\/armstrongyregion.com.ar\/diario\/wp-json\/wp\/v2\/types\/post"}],"author":[{"embeddable":true,"href":"https:\/\/armstrongyregion.com.ar\/diario\/wp-json\/wp\/v2\/users\/1"}],"replies":[{"embeddable":true,"href":"https:\/\/armstrongyregion.com.ar\/diario\/wp-json\/wp\/v2\/comments?post=17958"}],"version-history":[{"count":0,"href":"https:\/\/armstrongyregion.com.ar\/diario\/wp-json\/wp\/v2\/posts\/17958\/revisions"}],"wp:featuredmedia":[{"embeddable":true,"href":"https:\/\/armstrongyregion.com.ar\/diario\/wp-json\/wp\/v2\/media\/17959"}],"wp:attachment":[{"href":"https:\/\/armstrongyregion.com.ar\/diario\/wp-json\/wp\/v2\/media?parent=17958"}],"wp:term":[{"taxonomy":"category","embeddable":true,"href":"https:\/\/armstrongyregion.com.ar\/diario\/wp-json\/wp\/v2\/categories?post=17958"},{"taxonomy":"post_tag","embeddable":true,"href":"https:\/\/armstrongyregion.com.ar\/diario\/wp-json\/wp\/v2\/tags?post=17958"}],"curies":[{"name":"wp","href":"https:\/\/api.w.org\/{rel}","templated":true}]}}