{"id":17916,"date":"2018-07-15T23:19:43","date_gmt":"2018-07-15T23:19:43","guid":{"rendered":"https:\/\/armstrongyregion.com.ar\/diario\/?p=17916"},"modified":"2018-07-18T23:22:48","modified_gmt":"2018-07-18T23:22:48","slug":"prevencion-odontologica-en-ninos-y-embarazadas-por-dr-alejendro-barella","status":"publish","type":"post","link":"https:\/\/armstrongyregion.com.ar\/diario\/prevencion-odontologica-en-ninos-y-embarazadas-por-dr-alejendro-barella\/","title":{"rendered":"Prevenci\u00f3n odontol\u00f3gica en ni\u00f1os y embarazadas. Por Dr. Alejandro Barella."},"content":{"rendered":"<p><a href=\"http:\/\/armstrongyregion.com.ar\/diario\/wp-content\/uploads\/2018\/07\/DSC_0175.jpg\"><img loading=\"lazy\" decoding=\"async\" src=\"http:\/\/armstrongyregion.com.ar\/diario\/wp-content\/uploads\/2018\/07\/DSC_0175.jpg\" alt=\"Alejandro-Barella-\" width=\"768\" height=\"512\" class=\"alignnone size-full wp-image-17917\" srcset=\"https:\/\/armstrongyregion.com.ar\/diario\/wp-content\/uploads\/2018\/07\/DSC_0175.jpg 768w, https:\/\/armstrongyregion.com.ar\/diario\/wp-content\/uploads\/2018\/07\/DSC_0175-300x200.jpg 300w\" sizes=\"auto, (max-width: 768px) 100vw, 768px\" \/><\/a>La prevenci\u00f3n bucodental en los ni\u00f1os es un tema fundamental en odontopediatr\u00eda y en Salud P\u00fablica, ya que desde la infancia debemos promover un buen estado de salud bucal y ense\u00f1ar a los m\u00e1s peque\u00f1os y a sus padres a cuidar de sus dientes y enc\u00edas para que en el futuro tengan los m\u00ednimos problemas posibles.<br \/>\nLa caries dentales es la enfermedad odontol\u00f3gica m\u00e1s prevalente en la actualidad y por este motivo debemos adoptar medidas de prevenci\u00f3n desde edades muy tempranas en los pacientes pedi\u00e1tricos para frenar y evitar posibles tratamientos futuros. La caries se pude iniciar con la apricion de los dientes a partir de los 6 meses de vida. y se conoce como \u201ccaries por biber\u00f3n\u201d o \u201ccaries rampante\u201d. Normalmente se produce si el ni\u00f1o peque\u00f1o duerme con el biber\u00f3n en la boca con alg\u00fan l\u00edquido azucarado. Leche, jugos etc.<br \/>\nEs una labor conjunta entre el pediatra y el odontopediatr\u00eda controlar y ser capaces de detectar patolog\u00edas bucales que afecten al ni\u00f1o durante su desarrollo. Por este motivo ambos profesionales deben estar muy atentos durante todas las revisiones y controles que realizan estos pacientes, aconsejamos controles a partir de la aparici\u00f3n de las piezas dentarias\u2026<br \/>\nLo ideal es que desde que cumplen su primer a\u00f1o de vida, se establezca un contacto directo del ni\u00f1o con el odontopediatra para que el paciente pedi\u00e1trico se acostumbre al entorno dental y no desarrolle fobias ni miedos.<br \/>\n\u00bfC\u00f3mo afecta el embarazo a la salud dental?<br \/>\nLos cambios del embarazo en su cuerpo pueden afectar a sus enc\u00edas y dientes. Durante el embarazo, hay un aumento en los niveles hormonales. Progesterona,  estr\u00f3genos, aparece la Relaxina, que favorece al sangrado de las enc\u00edas.<br \/>\nEsos cambios implican tambi\u00e9n cambios emocionales que hace a que la futura madre cambie la dieta, consumiendo m\u00e1s alimentos que contienen azucares e hidratos de carbono, los cuales son usados por las bacterias de la boca para generar caries dental y enfermedad gingival, ( enc\u00edas)los problemas m\u00e1s comunes son.<br \/>\nGingivitis. Es cuando usted tiene enc\u00edas enrojecidas, inflamadas o dolorosas. Las enc\u00edas pueden sangrar al cepillarse los dientes. Sin tratamiento, la gingivitis puede convertirse en una enfermedad grave de las enc\u00edas llamada \u201cperiodontitis.\u201d<\/p>\n<p>Periodontitis. Es una enfermedad grave, Sucede cuando hay inflamaci\u00f3n e infecci\u00f3n en las enc\u00edas y huesos que mantienen a los dientes en su lugar. <\/p>\n<p>Caries dentales. Esto sucede cuando los \u00e1cidos de la boca descomponen el esmalte de un diente. El esmalte es la capa exterior dura del diente. Como usted tiene m\u00e1s \u00e1cido en la boca de lo normal durante el embarazo, es m\u00e1s probable que tenga caries. Si sufre n\u00e1useas del embarazo y vomita con frecuencia, tiene incluso m\u00e1s \u00e1cido en la boca..<br \/>\nLas se\u00f1ales y los s\u00edntomas incluyen:<br \/>\nMal aliento<br \/>\nEnc\u00edas que duelen al tocarlas o que sangran al cepillarse los dientes<br \/>\nDientes flojos<br \/>\nLlagas, bultos u otros tumores en la boca<br \/>\nEnc\u00edas rojas o de color rojizo viol\u00e1ceo<br \/>\nEnc\u00edas brillantes, dolorosas o inflamadas<br \/>\nDolor de diente u otro dolor.<br \/>\nsi ve algunos de estos s\u00edntomas Llame a su dentista de manera urgente\u2026<\/p>\n<p>Implantes Dentales:<br \/>\nLos implantes son elementos met\u00e1licos que se ubican quir\u00fargicamente en los huesos maxilares, debajo de las enc\u00edas. Una vez colocados en el lugar, el dentista puede colocar sobre ellos las coronas o puentes fijos que reemplazar\u00e1n a las piezas dentarias perdidas.<br \/>\n\u00bfC\u00f3mo trabajan los implantes dentales?<br \/>\nEl implante se fusiona con el hueso mandibular, proporcionando un soporte estable para los dientes artificiales.<\/p>\n<p>Fuente: Programa Tv. Prevenci\u00f3n y Salud.<br \/>\nDr. Alejandro Barella- Consultorios Odontol\u00f3gicos Integrales.<br \/>\nPrograma Estreno Lunes 16 de Julio- Reiteraciones Jueves 20,30hs y S\u00e1bados 12,30hs.<\/p>\n","protected":false},"excerpt":{"rendered":"<p>La prevenci\u00f3n bucodental en los ni\u00f1os es un tema fundamental en odontopediatr\u00eda y en Salud P\u00fablica, ya que desde la infancia debemos promover un buen estado de salud bucal y ense\u00f1ar a los m\u00e1s peque\u00f1os y a sus padres a cuidar de sus dientes y enc\u00edas para que en el futuro tengan los m\u00ednimos problemas <a href=\"https:\/\/armstrongyregion.com.ar\/diario\/prevencion-odontologica-en-ninos-y-embarazadas-por-dr-alejendro-barella\/\" title=\"Read more\" >&#8230;<\/a><\/p>\n","protected":false},"author":1,"featured_media":17917,"comment_status":"open","ping_status":"open","sticky":false,"template":"","format":"standard","meta":{"_jetpack_memberships_contains_paid_content":false,"footnotes":"","jetpack_publicize_message":"","jetpack_publicize_feature_enabled":true,"jetpack_social_post_already_shared":false,"jetpack_social_options":{"image_generator_settings":{"template":"highway","default_image_id":0,"enabled":false},"version":2}},"categories":[1,2,4],"tags":[6929],"class_list":["post-17916","post","type-post","status-publish","format-standard","has-post-thumbnail","hentry","category-diario-armstrong","category-locales","category-prevencion-salud","tag-prevencion-odontologica-en-ninos-y-embarazadas-por-dr-alejendro-barella"],"jetpack_publicize_connections":[],"jetpack_featured_media_url":"https:\/\/armstrongyregion.com.ar\/diario\/wp-content\/uploads\/2018\/07\/DSC_0175.jpg","jetpack_shortlink":"https:\/\/wp.me\/p62QDO-4EY","jetpack_sharing_enabled":true,"amp_enabled":true,"_links":{"self":[{"href":"https:\/\/armstrongyregion.com.ar\/diario\/wp-json\/wp\/v2\/posts\/17916","targetHints":{"allow":["GET"]}}],"collection":[{"href":"https:\/\/armstrongyregion.com.ar\/diario\/wp-json\/wp\/v2\/posts"}],"about":[{"href":"https:\/\/armstrongyregion.com.ar\/diario\/wp-json\/wp\/v2\/types\/post"}],"author":[{"embeddable":true,"href":"https:\/\/armstrongyregion.com.ar\/diario\/wp-json\/wp\/v2\/users\/1"}],"replies":[{"embeddable":true,"href":"https:\/\/armstrongyregion.com.ar\/diario\/wp-json\/wp\/v2\/comments?post=17916"}],"version-history":[{"count":0,"href":"https:\/\/armstrongyregion.com.ar\/diario\/wp-json\/wp\/v2\/posts\/17916\/revisions"}],"wp:featuredmedia":[{"embeddable":true,"href":"https:\/\/armstrongyregion.com.ar\/diario\/wp-json\/wp\/v2\/media\/17917"}],"wp:attachment":[{"href":"https:\/\/armstrongyregion.com.ar\/diario\/wp-json\/wp\/v2\/media?parent=17916"}],"wp:term":[{"taxonomy":"category","embeddable":true,"href":"https:\/\/armstrongyregion.com.ar\/diario\/wp-json\/wp\/v2\/categories?post=17916"},{"taxonomy":"post_tag","embeddable":true,"href":"https:\/\/armstrongyregion.com.ar\/diario\/wp-json\/wp\/v2\/tags?post=17916"}],"curies":[{"name":"wp","href":"https:\/\/api.w.org\/{rel}","templated":true}]}}