{"id":17902,"date":"2018-07-13T22:14:19","date_gmt":"2018-07-13T22:14:19","guid":{"rendered":"https:\/\/armstrongyregion.com.ar\/diario\/?p=17902"},"modified":"2018-07-13T22:14:19","modified_gmt":"2018-07-13T22:14:19","slug":"los-concejales-gramigna-y-urquia-se-reunieron-con-autoridades-y-dirigentes-del-departamento","status":"publish","type":"post","link":"https:\/\/armstrongyregion.com.ar\/diario\/los-concejales-gramigna-y-urquia-se-reunieron-con-autoridades-y-dirigentes-del-departamento\/","title":{"rendered":"Los Concejales Gramigna y Urqu\u00eda se reunieron con Autoridades y Dirigentes del Departamento."},"content":{"rendered":"<p><a href=\"http:\/\/armstrongyregion.com.ar\/diario\/wp-content\/uploads\/2018\/07\/meyer-departamental.jpg\"><img loading=\"lazy\" decoding=\"async\" src=\"http:\/\/armstrongyregion.com.ar\/diario\/wp-content\/uploads\/2018\/07\/meyer-departamental.jpg\" alt=\"meyer-departamental\" width=\"768\" height=\"478\" class=\"alignnone size-full wp-image-17903\" srcset=\"https:\/\/armstrongyregion.com.ar\/diario\/wp-content\/uploads\/2018\/07\/meyer-departamental.jpg 768w, https:\/\/armstrongyregion.com.ar\/diario\/wp-content\/uploads\/2018\/07\/meyer-departamental-300x187.jpg 300w\" sizes=\"auto, (max-width: 768px) 100vw, 768px\" \/><\/a>En la Ciudad de Armstrong el pasado d\u00eda jueves, los Concejales Jes\u00fas Urqu\u00eda y Emiliano Gramigna (Armstrong) se reunieron con dirigentes y Autoridades del Departamento para abordar problem\u00e1ticas comunes en la zona. En el encuentro participaron el Intendente de Las Rosas Javier Meyer, el miembro de la Comisi\u00f3n Comunal de Montes de Oca por la minor\u00eda Jorge Balbi y los dirigentes Mario Bravi y Facundo Amil de Las Parejas y Armstrong respectivamente.<br \/>\nEl eje central del trabajo realizado por la mesa departamental es formular pol\u00edticas comunes para problem\u00e1tica de la inseguridad que hoy acecha a toda la zona, en la misma se acordaron acciones conjuntas para la gesti\u00f3n de medidas ante la Provincia y la Naci\u00f3n con el fin de llevarle m\u00e1s seguridad y tranquilidad a todos los ciudadanos del Departamento.<\/p>\n","protected":false},"excerpt":{"rendered":"<p>En la Ciudad de Armstrong el pasado d\u00eda jueves, los Concejales Jes\u00fas Urqu\u00eda y Emiliano Gramigna (Armstrong) se reunieron con dirigentes y Autoridades del Departamento para abordar problem\u00e1ticas comunes en la zona. En el encuentro participaron el Intendente de Las Rosas Javier Meyer, el miembro de la Comisi\u00f3n Comunal de Montes de Oca por la <a href=\"https:\/\/armstrongyregion.com.ar\/diario\/los-concejales-gramigna-y-urquia-se-reunieron-con-autoridades-y-dirigentes-del-departamento\/\" title=\"Read more\" >&#8230;<\/a><\/p>\n","protected":false},"author":1,"featured_media":17903,"comment_status":"open","ping_status":"open","sticky":false,"template":"","format":"standard","meta":{"_jetpack_memberships_contains_paid_content":false,"footnotes":"","jetpack_publicize_message":"","jetpack_publicize_feature_enabled":true,"jetpack_social_post_already_shared":false,"jetpack_social_options":{"image_generator_settings":{"template":"highway","default_image_id":0,"enabled":false},"version":2}},"categories":[8,1,2,7,3],"tags":[6925],"class_list":["post-17902","post","type-post","status-publish","format-standard","has-post-thumbnail","hentry","category-deliberando","category-diario-armstrong","category-locales","category-politica","category-region","tag-los-concejales-gramigna-y-urquia-se-reunieron-con-autoridades-y-dirigentes-del-departamento"],"jetpack_publicize_connections":[],"jetpack_featured_media_url":"https:\/\/armstrongyregion.com.ar\/diario\/wp-content\/uploads\/2018\/07\/meyer-departamental.jpg","jetpack_shortlink":"https:\/\/wp.me\/p62QDO-4EK","jetpack_sharing_enabled":true,"amp_enabled":true,"_links":{"self":[{"href":"https:\/\/armstrongyregion.com.ar\/diario\/wp-json\/wp\/v2\/posts\/17902","targetHints":{"allow":["GET"]}}],"collection":[{"href":"https:\/\/armstrongyregion.com.ar\/diario\/wp-json\/wp\/v2\/posts"}],"about":[{"href":"https:\/\/armstrongyregion.com.ar\/diario\/wp-json\/wp\/v2\/types\/post"}],"author":[{"embeddable":true,"href":"https:\/\/armstrongyregion.com.ar\/diario\/wp-json\/wp\/v2\/users\/1"}],"replies":[{"embeddable":true,"href":"https:\/\/armstrongyregion.com.ar\/diario\/wp-json\/wp\/v2\/comments?post=17902"}],"version-history":[{"count":0,"href":"https:\/\/armstrongyregion.com.ar\/diario\/wp-json\/wp\/v2\/posts\/17902\/revisions"}],"wp:featuredmedia":[{"embeddable":true,"href":"https:\/\/armstrongyregion.com.ar\/diario\/wp-json\/wp\/v2\/media\/17903"}],"wp:attachment":[{"href":"https:\/\/armstrongyregion.com.ar\/diario\/wp-json\/wp\/v2\/media?parent=17902"}],"wp:term":[{"taxonomy":"category","embeddable":true,"href":"https:\/\/armstrongyregion.com.ar\/diario\/wp-json\/wp\/v2\/categories?post=17902"},{"taxonomy":"post_tag","embeddable":true,"href":"https:\/\/armstrongyregion.com.ar\/diario\/wp-json\/wp\/v2\/tags?post=17902"}],"curies":[{"name":"wp","href":"https:\/\/api.w.org\/{rel}","templated":true}]}}