{"id":17896,"date":"2018-07-13T13:56:55","date_gmt":"2018-07-13T13:56:55","guid":{"rendered":"https:\/\/armstrongyregion.com.ar\/diario\/?p=17896"},"modified":"2018-07-13T13:56:55","modified_gmt":"2018-07-13T13:56:55","slug":"se-inauguraron-dos-cuadras-de-pavimento-al-norte-de-nuestra-ciudad","status":"publish","type":"post","link":"https:\/\/armstrongyregion.com.ar\/diario\/se-inauguraron-dos-cuadras-de-pavimento-al-norte-de-nuestra-ciudad\/","title":{"rendered":"Se inauguraron dos cuadras de pavimento al norte de nuestra ciudad."},"content":{"rendered":"<p><a href=\"http:\/\/armstrongyregion.com.ar\/diario\/wp-content\/uploads\/2018\/07\/inauguracion-crucianelli-.jpg\"><img loading=\"lazy\" decoding=\"async\" src=\"http:\/\/armstrongyregion.com.ar\/diario\/wp-content\/uploads\/2018\/07\/inauguracion-crucianelli-.jpg\" alt=\"inauguracion-crucianelli-\" width=\"960\" height=\"720\" class=\"alignnone size-full wp-image-17897\" srcset=\"https:\/\/armstrongyregion.com.ar\/diario\/wp-content\/uploads\/2018\/07\/inauguracion-crucianelli-.jpg 960w, https:\/\/armstrongyregion.com.ar\/diario\/wp-content\/uploads\/2018\/07\/inauguracion-crucianelli--300x225.jpg 300w\" sizes=\"auto, (max-width: 960px) 100vw, 960px\" \/><\/a>En la tarde del jueves 12 de julio, el intendente Dr. Pablo Verdecchia  junto a funcionarios y vecinos del barrio norte, se dieron cita en la esquina de calle Fischer y Los Helechos donde quedaron inauguradas dos cuadras de pavimento con luminarias.<br \/>\nVerdecchia a trav\u00e9s de los medios locales dec\u00eda: \u201cHoy junto con los vecinos le estamos dando una habilitaci\u00f3n formal a estas dos cuadras de pavimento e iluminaci\u00f3n, este es un barrio muy nuevo, donde vemos que la ciudad se est\u00e1 extendiendo para esta zona. Tambi\u00e9n hemos trabajado en  desag\u00fces pluviales y proyectamos desag\u00fces cloacales\u201d<br \/>\nEl ejecutivo a\u00f1adi\u00f3: \u201cLa idea es seguir avanzando en toda la ciudad, hay muchos pedidos de cloacas y pavimento y a diferencia de hace tres a\u00f1os atr\u00e1s hoy en d\u00eda hay una posibilidad de poder concretar obras\u201d.<\/p>\n","protected":false},"excerpt":{"rendered":"<p>En la tarde del jueves 12 de julio, el intendente Dr. Pablo Verdecchia junto a funcionarios y vecinos del barrio norte, se dieron cita en la esquina de calle Fischer y Los Helechos donde quedaron inauguradas dos cuadras de pavimento con luminarias. Verdecchia a trav\u00e9s de los medios locales dec\u00eda: \u201cHoy junto con los vecinos <a href=\"https:\/\/armstrongyregion.com.ar\/diario\/se-inauguraron-dos-cuadras-de-pavimento-al-norte-de-nuestra-ciudad\/\" title=\"Read more\" >&#8230;<\/a><\/p>\n","protected":false},"author":1,"featured_media":17897,"comment_status":"open","ping_status":"open","sticky":false,"template":"","format":"standard","meta":{"_jetpack_memberships_contains_paid_content":false,"footnotes":"","jetpack_publicize_message":"","jetpack_publicize_feature_enabled":true,"jetpack_social_post_already_shared":false,"jetpack_social_options":{"image_generator_settings":{"template":"highway","default_image_id":0,"enabled":false},"version":2}},"categories":[8,1,2,7],"tags":[6922],"class_list":["post-17896","post","type-post","status-publish","format-standard","has-post-thumbnail","hentry","category-deliberando","category-diario-armstrong","category-locales","category-politica","tag-se-inauguraron-dos-cuadras-de-pavimento-al-norte-de-nuestra-ciudad"],"jetpack_publicize_connections":[],"jetpack_featured_media_url":"https:\/\/armstrongyregion.com.ar\/diario\/wp-content\/uploads\/2018\/07\/inauguracion-crucianelli-.jpg","jetpack_shortlink":"https:\/\/wp.me\/p62QDO-4EE","jetpack_sharing_enabled":true,"amp_enabled":true,"_links":{"self":[{"href":"https:\/\/armstrongyregion.com.ar\/diario\/wp-json\/wp\/v2\/posts\/17896","targetHints":{"allow":["GET"]}}],"collection":[{"href":"https:\/\/armstrongyregion.com.ar\/diario\/wp-json\/wp\/v2\/posts"}],"about":[{"href":"https:\/\/armstrongyregion.com.ar\/diario\/wp-json\/wp\/v2\/types\/post"}],"author":[{"embeddable":true,"href":"https:\/\/armstrongyregion.com.ar\/diario\/wp-json\/wp\/v2\/users\/1"}],"replies":[{"embeddable":true,"href":"https:\/\/armstrongyregion.com.ar\/diario\/wp-json\/wp\/v2\/comments?post=17896"}],"version-history":[{"count":0,"href":"https:\/\/armstrongyregion.com.ar\/diario\/wp-json\/wp\/v2\/posts\/17896\/revisions"}],"wp:featuredmedia":[{"embeddable":true,"href":"https:\/\/armstrongyregion.com.ar\/diario\/wp-json\/wp\/v2\/media\/17897"}],"wp:attachment":[{"href":"https:\/\/armstrongyregion.com.ar\/diario\/wp-json\/wp\/v2\/media?parent=17896"}],"wp:term":[{"taxonomy":"category","embeddable":true,"href":"https:\/\/armstrongyregion.com.ar\/diario\/wp-json\/wp\/v2\/categories?post=17896"},{"taxonomy":"post_tag","embeddable":true,"href":"https:\/\/armstrongyregion.com.ar\/diario\/wp-json\/wp\/v2\/tags?post=17896"}],"curies":[{"name":"wp","href":"https:\/\/api.w.org\/{rel}","templated":true}]}}