{"id":17888,"date":"2018-07-11T22:21:28","date_gmt":"2018-07-11T22:21:28","guid":{"rendered":"https:\/\/armstrongyregion.com.ar\/diario\/?p=17888"},"modified":"2018-07-11T22:21:28","modified_gmt":"2018-07-11T22:21:28","slug":"correa-capacitacion-folclorica-a-cargo-de-compania-alma-argentina-y-pena-el-amanecer","status":"publish","type":"post","link":"https:\/\/armstrongyregion.com.ar\/diario\/correa-capacitacion-folclorica-a-cargo-de-compania-alma-argentina-y-pena-el-amanecer\/","title":{"rendered":"Correa: Capacitaci\u00f3n Folcl\u00f3rica a cargo de Compa\u00f1\u00eda Alma Argentina y Pe\u00f1a El Amanecer."},"content":{"rendered":"<p><a href=\"http:\/\/armstrongyregion.com.ar\/diario\/wp-content\/uploads\/2018\/07\/capacitacion-Folclore-.jpg\"><img loading=\"lazy\" decoding=\"async\" src=\"http:\/\/armstrongyregion.com.ar\/diario\/wp-content\/uploads\/2018\/07\/capacitacion-Folclore-.jpg\" alt=\"capacitacion-Folclore-\" width=\"768\" height=\"573\" class=\"alignnone size-full wp-image-17889\" srcset=\"https:\/\/armstrongyregion.com.ar\/diario\/wp-content\/uploads\/2018\/07\/capacitacion-Folclore-.jpg 768w, https:\/\/armstrongyregion.com.ar\/diario\/wp-content\/uploads\/2018\/07\/capacitacion-Folclore--300x224.jpg 300w\" sizes=\"auto, (max-width: 768px) 100vw, 768px\" \/><\/a>Compa\u00f1\u00eda Alma Argentina y Pe\u00f1a El Amanecer invitan  a participar de una Capacitaci\u00f3n Folcl\u00f3rica el d\u00eda s\u00e1bado 14 de julio de 13 a 15hs y de 15,30 a 17,30hs.<br \/>\nEl costo de la Inscripci\u00f3n es de $100.<br \/>\nLlamar al Tel\u00e9fono 3471629294- 3471-602310<\/p>\n","protected":false},"excerpt":{"rendered":"<p>Compa\u00f1\u00eda Alma Argentina y Pe\u00f1a El Amanecer invitan a participar de una Capacitaci\u00f3n Folcl\u00f3rica el d\u00eda s\u00e1bado 14 de julio de 13 a 15hs y de 15,30 a 17,30hs. El costo de la Inscripci\u00f3n es de $100. Llamar al Tel\u00e9fono 3471629294- 3471-602310<\/p>\n","protected":false},"author":1,"featured_media":17889,"comment_status":"open","ping_status":"open","sticky":false,"template":"","format":"standard","meta":{"_jetpack_memberships_contains_paid_content":false,"footnotes":"","jetpack_publicize_message":"","jetpack_publicize_feature_enabled":true,"jetpack_social_post_already_shared":false,"jetpack_social_options":{"image_generator_settings":{"template":"highway","default_image_id":0,"enabled":false},"version":2}},"categories":[6,8,1,2,3],"tags":[6920],"class_list":["post-17888","post","type-post","status-publish","format-standard","has-post-thumbnail","hentry","category-cultura-entretenimiento","category-deliberando","category-diario-armstrong","category-locales","category-region","tag-correa-capacitacion-folclorica-a-cargo-de-compania-alma-argentina-y-pena-el-amanecer"],"jetpack_publicize_connections":[],"jetpack_featured_media_url":"https:\/\/armstrongyregion.com.ar\/diario\/wp-content\/uploads\/2018\/07\/capacitacion-Folclore-.jpg","jetpack_shortlink":"https:\/\/wp.me\/p62QDO-4Ew","jetpack_sharing_enabled":true,"amp_enabled":true,"_links":{"self":[{"href":"https:\/\/armstrongyregion.com.ar\/diario\/wp-json\/wp\/v2\/posts\/17888","targetHints":{"allow":["GET"]}}],"collection":[{"href":"https:\/\/armstrongyregion.com.ar\/diario\/wp-json\/wp\/v2\/posts"}],"about":[{"href":"https:\/\/armstrongyregion.com.ar\/diario\/wp-json\/wp\/v2\/types\/post"}],"author":[{"embeddable":true,"href":"https:\/\/armstrongyregion.com.ar\/diario\/wp-json\/wp\/v2\/users\/1"}],"replies":[{"embeddable":true,"href":"https:\/\/armstrongyregion.com.ar\/diario\/wp-json\/wp\/v2\/comments?post=17888"}],"version-history":[{"count":0,"href":"https:\/\/armstrongyregion.com.ar\/diario\/wp-json\/wp\/v2\/posts\/17888\/revisions"}],"wp:featuredmedia":[{"embeddable":true,"href":"https:\/\/armstrongyregion.com.ar\/diario\/wp-json\/wp\/v2\/media\/17889"}],"wp:attachment":[{"href":"https:\/\/armstrongyregion.com.ar\/diario\/wp-json\/wp\/v2\/media?parent=17888"}],"wp:term":[{"taxonomy":"category","embeddable":true,"href":"https:\/\/armstrongyregion.com.ar\/diario\/wp-json\/wp\/v2\/categories?post=17888"},{"taxonomy":"post_tag","embeddable":true,"href":"https:\/\/armstrongyregion.com.ar\/diario\/wp-json\/wp\/v2\/tags?post=17888"}],"curies":[{"name":"wp","href":"https:\/\/api.w.org\/{rel}","templated":true}]}}