{"id":17871,"date":"2018-07-10T13:47:26","date_gmt":"2018-07-10T13:47:26","guid":{"rendered":"https:\/\/armstrongyregion.com.ar\/diario\/?p=17871"},"modified":"2018-07-10T13:47:26","modified_gmt":"2018-07-10T13:47:26","slug":"armstrong-vacaciones-de-invierno-con-la-muni","status":"publish","type":"post","link":"https:\/\/armstrongyregion.com.ar\/diario\/armstrong-vacaciones-de-invierno-con-la-muni\/","title":{"rendered":"Armstrong. Vacaciones de invierno con la muni."},"content":{"rendered":"<p><a href=\"http:\/\/armstrongyregion.com.ar\/diario\/wp-content\/uploads\/2018\/07\/vacaciones-muni-2018-placa.jpg\"><img loading=\"lazy\" decoding=\"async\" src=\"http:\/\/armstrongyregion.com.ar\/diario\/wp-content\/uploads\/2018\/07\/vacaciones-muni-2018-placa.jpg\" alt=\"vacaciones muni 2018 placa\" width=\"768\" height=\"549\" class=\"alignnone size-full wp-image-17872\" srcset=\"https:\/\/armstrongyregion.com.ar\/diario\/wp-content\/uploads\/2018\/07\/vacaciones-muni-2018-placa.jpg 768w, https:\/\/armstrongyregion.com.ar\/diario\/wp-content\/uploads\/2018\/07\/vacaciones-muni-2018-placa-300x214.jpg 300w\" sizes=\"auto, (max-width: 768px) 100vw, 768px\" \/><\/a>La Municipalidad de Armstrong a trav\u00e9s de la Secretar\u00eda de Educaci\u00f3n, Cultura y Deporte invita a todos los ni\u00f1os y ni\u00f1as de la ciudad a participar de las actividades previstas, motivadas por las inminentes vacaciones de invierno.<br \/>\nLa programaci\u00f3n es la siguiente:<\/p>\n<p>&#8211;          Martes 10: \u201cARTE PARA NI\u00d1OS\u201d en el Parque Bracito Fuerte, a cargo de la Prof. Eugenia Carnicelini.<\/p>\n<p>&#8211;          Mi\u00e9rcoles 11: \u201cGANGARITOS\u201d, frente al Museo.<\/p>\n<p>&#8211;          Jueves 12: Pel\u00edcula \u201cSOLA EN CASA\u201d, en el auditorio Delmo Dar\u00f3.<\/p>\n<p>&#8211;          Viernes 13: Pel\u00edcula \u201cHOTEL TRANSYLVANIA 2\u201d, en el auditorio Delmo Dar\u00f3.<\/p>\n<p>&#8211;          Lunes 16: Pel\u00edcula \u201cLA FAMILIA MONSTER\u201d, en el auditorio Delmo Dar\u00f3.<\/p>\n<p>&#8211;          Martes 17: \u201cARTE PARA NI\u00d1OS\u201d, en Parque Bracito Fuerte, a cargo de la Prof. Eugenia Carnicelini.<\/p>\n<p>&#8211;          Mi\u00e9rcoles 18: \u201cGANGARITOS\u201d,  frente al Museo.<\/p>\n<p>&#8211;          Jueves 19: Pel\u00edcula \u201cLUIS Y SUS AMIGOS ALIENIGENAS\u201d, en el auditorio Delmo Dar\u00f3.<br \/>\nTodos los d\u00edas a las 14 hs. con entrada libre y gratuita.<\/p>\n","protected":false},"excerpt":{"rendered":"<p>La Municipalidad de Armstrong a trav\u00e9s de la Secretar\u00eda de Educaci\u00f3n, Cultura y Deporte invita a todos los ni\u00f1os y ni\u00f1as de la ciudad a participar de las actividades previstas, motivadas por las inminentes vacaciones de invierno. La programaci\u00f3n es la siguiente: &#8211; Martes 10: \u201cARTE PARA NI\u00d1OS\u201d en el Parque Bracito Fuerte, a cargo <a href=\"https:\/\/armstrongyregion.com.ar\/diario\/armstrong-vacaciones-de-invierno-con-la-muni\/\" title=\"Read more\" >&#8230;<\/a><\/p>\n","protected":false},"author":1,"featured_media":17872,"comment_status":"open","ping_status":"open","sticky":false,"template":"","format":"standard","meta":{"_jetpack_memberships_contains_paid_content":false,"footnotes":"","jetpack_publicize_message":"","jetpack_publicize_feature_enabled":true,"jetpack_social_post_already_shared":false,"jetpack_social_options":{"image_generator_settings":{"template":"highway","default_image_id":0,"enabled":false},"version":2}},"categories":[6,8,1,2,3],"tags":[6915],"class_list":["post-17871","post","type-post","status-publish","format-standard","has-post-thumbnail","hentry","category-cultura-entretenimiento","category-deliberando","category-diario-armstrong","category-locales","category-region","tag-armstrong-vacaciones-de-invierno-con-la-muni"],"jetpack_publicize_connections":[],"jetpack_featured_media_url":"https:\/\/armstrongyregion.com.ar\/diario\/wp-content\/uploads\/2018\/07\/vacaciones-muni-2018-placa.jpg","jetpack_shortlink":"https:\/\/wp.me\/p62QDO-4Ef","jetpack_sharing_enabled":true,"amp_enabled":true,"_links":{"self":[{"href":"https:\/\/armstrongyregion.com.ar\/diario\/wp-json\/wp\/v2\/posts\/17871","targetHints":{"allow":["GET"]}}],"collection":[{"href":"https:\/\/armstrongyregion.com.ar\/diario\/wp-json\/wp\/v2\/posts"}],"about":[{"href":"https:\/\/armstrongyregion.com.ar\/diario\/wp-json\/wp\/v2\/types\/post"}],"author":[{"embeddable":true,"href":"https:\/\/armstrongyregion.com.ar\/diario\/wp-json\/wp\/v2\/users\/1"}],"replies":[{"embeddable":true,"href":"https:\/\/armstrongyregion.com.ar\/diario\/wp-json\/wp\/v2\/comments?post=17871"}],"version-history":[{"count":0,"href":"https:\/\/armstrongyregion.com.ar\/diario\/wp-json\/wp\/v2\/posts\/17871\/revisions"}],"wp:featuredmedia":[{"embeddable":true,"href":"https:\/\/armstrongyregion.com.ar\/diario\/wp-json\/wp\/v2\/media\/17872"}],"wp:attachment":[{"href":"https:\/\/armstrongyregion.com.ar\/diario\/wp-json\/wp\/v2\/media?parent=17871"}],"wp:term":[{"taxonomy":"category","embeddable":true,"href":"https:\/\/armstrongyregion.com.ar\/diario\/wp-json\/wp\/v2\/categories?post=17871"},{"taxonomy":"post_tag","embeddable":true,"href":"https:\/\/armstrongyregion.com.ar\/diario\/wp-json\/wp\/v2\/tags?post=17871"}],"curies":[{"name":"wp","href":"https:\/\/api.w.org\/{rel}","templated":true}]}}