{"id":17853,"date":"2018-07-09T22:06:20","date_gmt":"2018-07-09T22:06:20","guid":{"rendered":"https:\/\/armstrongyregion.com.ar\/diario\/?p=17853"},"modified":"2018-07-09T22:06:20","modified_gmt":"2018-07-09T22:06:20","slug":"aborto-legal-en-rosario-y-buenos-aires-habra-panuelazo-frente-a-la-cgt","status":"publish","type":"post","link":"https:\/\/armstrongyregion.com.ar\/diario\/aborto-legal-en-rosario-y-buenos-aires-habra-panuelazo-frente-a-la-cgt\/","title":{"rendered":"Aborto legal: en Rosario y Buenos Aires habr\u00e1 pa\u00f1uelazo frente a la CGT."},"content":{"rendered":"<p><a href=\"http:\/\/armstrongyregion.com.ar\/diario\/wp-content\/uploads\/2018\/07\/abortolegalpanuelazo2.jpg_1572130063.jpg\"><img loading=\"lazy\" decoding=\"async\" src=\"http:\/\/armstrongyregion.com.ar\/diario\/wp-content\/uploads\/2018\/07\/abortolegalpanuelazo2.jpg_1572130063.jpg\" alt=\"abortolegalpanuelazo2.jpg_1572130063\" width=\"760\" height=\"428\" class=\"alignnone size-full wp-image-17854\" srcset=\"https:\/\/armstrongyregion.com.ar\/diario\/wp-content\/uploads\/2018\/07\/abortolegalpanuelazo2.jpg_1572130063.jpg 760w, https:\/\/armstrongyregion.com.ar\/diario\/wp-content\/uploads\/2018\/07\/abortolegalpanuelazo2.jpg_1572130063-300x169.jpg 300w\" sizes=\"auto, (max-width: 760px) 100vw, 760px\" \/><\/a>Se realizar\u00e1 tras un comunicado de la central sindical que no manifiesta posici\u00f3n sobre el tema pero se advierte por la situaci\u00f3n de las obras sociales. La campa\u00f1a nacional solicitar\u00e1 reuni\u00f3n. La manifestaci\u00f3n ser\u00e1 el martes al mediod\u00eda y la convocatoria rosarina es en C\u00f3rdoba entre Moreno y Balcarce.<br \/>\nRosario se sumar\u00e1 con un \u00abpa\u00f1uelazo\u00bb el pr\u00f3ximo martes frente a la sede local de la CGT. La manifestaci\u00f3n de la ciudad replicar\u00e1 la marcha convocada por la Campa\u00f1a Nacional por el Derecho al Aborto Legal, Seguro y Gratuito, frente a la sede de la Confederaci\u00f3n General del Trabajo de Azopardo 802 en Capital Federal.<\/p>\n<p>En Rosario, desde las 11.30 se entregar\u00e1n pa\u00f1uelos y luego, a las 12.30, tendr\u00e1 lugar el pa\u00f1uelazo en C\u00f3rdoba entre Moreno y Balcarce.<br \/>\nLa campa\u00f1a nacional entregar\u00e1 el martes en Buenos Aires una \u00absolicitud de reuni\u00f3n\u00bb para que la central sindical explique su postura sobre el tema, luego de un comunicado en el que no se manifest\u00f3 opini\u00f3n sobre el aborto legal pero se expres\u00f3 preocupaci\u00f3n por la situaci\u00f3n de las obras sociales.<\/p>\n<p>La CGT emiti\u00f3 un comunicado el jueves de la semana pasada en el que aclar\u00f3 que \u00abno manifestar\u00e1 una posici\u00f3n institucional\u00bb sobre el aborto \u00abpor el debido respeto que merecen las convicciones personales\u00bb, pero s\u00ed record\u00f3 que la central \u00abviene gestionando y alertando al Poder Ejecutivo y a los Ministerios de Trabajo y de Salud sobre el impacto que la inflaci\u00f3n descontrolada imprime sobre las econom\u00edas de las obras sociales\u00bb.<\/p>\n<p>Y advirti\u00f3 sobre \u00ablos alt\u00edsimos costos que generan algunos fallos judiciales que obligan a las instituciones a cumplir con procedimientos experimentales, lo cuales motivaron la necesidad de creaci\u00f3n de la Agencia de Evaluaci\u00f3n de Tecnolog\u00edas de Salud\u00bb.<\/p>\n","protected":false},"excerpt":{"rendered":"<p>Se realizar\u00e1 tras un comunicado de la central sindical que no manifiesta posici\u00f3n sobre el tema pero se advierte por la situaci\u00f3n de las obras sociales. La campa\u00f1a nacional solicitar\u00e1 reuni\u00f3n. La manifestaci\u00f3n ser\u00e1 el martes al mediod\u00eda y la convocatoria rosarina es en C\u00f3rdoba entre Moreno y Balcarce. Rosario se sumar\u00e1 con un \u00abpa\u00f1uelazo\u00bb <a href=\"https:\/\/armstrongyregion.com.ar\/diario\/aborto-legal-en-rosario-y-buenos-aires-habra-panuelazo-frente-a-la-cgt\/\" title=\"Read more\" >&#8230;<\/a><\/p>\n","protected":false},"author":1,"featured_media":17854,"comment_status":"open","ping_status":"open","sticky":false,"template":"","format":"standard","meta":{"_jetpack_memberships_contains_paid_content":false,"footnotes":"","jetpack_publicize_message":"","jetpack_publicize_feature_enabled":true,"jetpack_social_post_already_shared":false,"jetpack_social_options":{"image_generator_settings":{"template":"highway","default_image_id":0,"enabled":false},"version":2}},"categories":[8,1,3],"tags":[6911],"class_list":["post-17853","post","type-post","status-publish","format-standard","has-post-thumbnail","hentry","category-deliberando","category-diario-armstrong","category-region","tag-aborto-legal-en-rosario-y-buenos-aires-habra-panuelazo-frente-a-la-cgt"],"jetpack_publicize_connections":[],"jetpack_featured_media_url":"https:\/\/armstrongyregion.com.ar\/diario\/wp-content\/uploads\/2018\/07\/abortolegalpanuelazo2.jpg_1572130063.jpg","jetpack_shortlink":"https:\/\/wp.me\/p62QDO-4DX","jetpack_sharing_enabled":true,"amp_enabled":true,"_links":{"self":[{"href":"https:\/\/armstrongyregion.com.ar\/diario\/wp-json\/wp\/v2\/posts\/17853","targetHints":{"allow":["GET"]}}],"collection":[{"href":"https:\/\/armstrongyregion.com.ar\/diario\/wp-json\/wp\/v2\/posts"}],"about":[{"href":"https:\/\/armstrongyregion.com.ar\/diario\/wp-json\/wp\/v2\/types\/post"}],"author":[{"embeddable":true,"href":"https:\/\/armstrongyregion.com.ar\/diario\/wp-json\/wp\/v2\/users\/1"}],"replies":[{"embeddable":true,"href":"https:\/\/armstrongyregion.com.ar\/diario\/wp-json\/wp\/v2\/comments?post=17853"}],"version-history":[{"count":0,"href":"https:\/\/armstrongyregion.com.ar\/diario\/wp-json\/wp\/v2\/posts\/17853\/revisions"}],"wp:featuredmedia":[{"embeddable":true,"href":"https:\/\/armstrongyregion.com.ar\/diario\/wp-json\/wp\/v2\/media\/17854"}],"wp:attachment":[{"href":"https:\/\/armstrongyregion.com.ar\/diario\/wp-json\/wp\/v2\/media?parent=17853"}],"wp:term":[{"taxonomy":"category","embeddable":true,"href":"https:\/\/armstrongyregion.com.ar\/diario\/wp-json\/wp\/v2\/categories?post=17853"},{"taxonomy":"post_tag","embeddable":true,"href":"https:\/\/armstrongyregion.com.ar\/diario\/wp-json\/wp\/v2\/tags?post=17853"}],"curies":[{"name":"wp","href":"https:\/\/api.w.org\/{rel}","templated":true}]}}