{"id":17850,"date":"2018-07-09T21:53:57","date_gmt":"2018-07-09T21:53:57","guid":{"rendered":"https:\/\/armstrongyregion.com.ar\/diario\/?p=17850"},"modified":"2018-07-09T21:53:57","modified_gmt":"2018-07-09T21:53:57","slug":"nutrido-acto-contra-el-acuerdo-con-el-fmi-en-buenos-aires","status":"publish","type":"post","link":"https:\/\/armstrongyregion.com.ar\/diario\/nutrido-acto-contra-el-acuerdo-con-el-fmi-en-buenos-aires\/","title":{"rendered":"Nutrido acto contra el acuerdo con el FMI en Buenos Aires."},"content":{"rendered":"<p><a href=\"http:\/\/armstrongyregion.com.ar\/diario\/wp-content\/uploads\/2018\/07\/Marcha.contra-FMI.jpeg\"><img loading=\"lazy\" decoding=\"async\" src=\"http:\/\/armstrongyregion.com.ar\/diario\/wp-content\/uploads\/2018\/07\/Marcha.contra-FMI.jpeg\" alt=\"Marcha.contra-FMI\" width=\"768\" height=\"528\" class=\"alignnone size-full wp-image-17851\" srcset=\"https:\/\/armstrongyregion.com.ar\/diario\/wp-content\/uploads\/2018\/07\/Marcha.contra-FMI.jpeg 768w, https:\/\/armstrongyregion.com.ar\/diario\/wp-content\/uploads\/2018\/07\/Marcha.contra-FMI-300x206.jpeg 300w\" sizes=\"auto, (max-width: 768px) 100vw, 768px\" \/><\/a>Actores, partidos de izquierda y organizaciones sociales se unen bajo la consigna !La patria no se rinde\u00bb.<br \/>\nMiles de personas, militantes de organizaciones sociales y gremiales, referentes de los Derechos Humanos y actores se concentraban esta tarde sobre la avenida 9 de Julio y Belgrano para manifestarse en contra del acuerdo entre el gobierno nacional y el Fondo Monetario Internacional (FMI).<\/p>\n<p>La marcha opositora estaba convocada para las 13:00 bajo el lema \u00abLa Patria no se rinde\u00bb y ser\u00eda una continuidad de la movilizaci\u00f3n que se realiz\u00f3 el pasado 25 de mayo con la misma protesta como fondo.<br \/>\nUn gran escenario se mont\u00f3 sobre las mencionadas avenidas, en el cual van a hablar los diferentes oradores de la jornada y se van a presentar bandas en vivo.<br \/>\nUna de las primeras columnas que lleg\u00f3 al lugar fue la que esta integrada por militantes de agrupaciones como el Movimiento Evita, Libres del Sur, Partido del Trabajo y del Pueblo, Unidad Popular, V\u00eda Campesina, Izquierda Popular, Vamos y Seamos Libres.<br \/>\nLos manifestantes llevan banderas de sus respectivas organizaciones y carteles con lemas como \u00abLa independencia no se negocia\u00bb o \u00abNo al FMI\u00bb. Como consecuencia del acto, en la zona se gener\u00f3 una importante demora en el tr\u00e1fico y los subtes llegaban hasta la estaci\u00f3n 9 de Julio repletos de gente.<br \/>\nAl igual que el 25 de mayo pasado, la marcha fue convocada por actores afines al kirchnerismo como Alejandra Dar\u00edn, Marina Glezer, Daniel Valenzuela, Luisa Kulliok, Cristina Banegas y Paola Barrientos, adem\u00e1s de las cantantes Adriana Varela, Dolores Sol\u00e1 y Liliana Herrero, la jueza Mar\u00eda Laura Garrig\u00f3s de Rebori, el soci\u00f3logo Horacio Gonz\u00e1lez, los periodistas Titi Fern\u00e1ndez y Cinthia Garc\u00eda, y la locutora Federica Pais, entre otros.<br \/>\nLa Capital.com<\/p>\n","protected":false},"excerpt":{"rendered":"<p>Actores, partidos de izquierda y organizaciones sociales se unen bajo la consigna !La patria no se rinde\u00bb. Miles de personas, militantes de organizaciones sociales y gremiales, referentes de los Derechos Humanos y actores se concentraban esta tarde sobre la avenida 9 de Julio y Belgrano para manifestarse en contra del acuerdo entre el gobierno nacional <a href=\"https:\/\/armstrongyregion.com.ar\/diario\/nutrido-acto-contra-el-acuerdo-con-el-fmi-en-buenos-aires\/\" title=\"Read more\" >&#8230;<\/a><\/p>\n","protected":false},"author":1,"featured_media":17851,"comment_status":"open","ping_status":"open","sticky":false,"template":"","format":"standard","meta":{"_jetpack_memberships_contains_paid_content":false,"footnotes":"","jetpack_publicize_message":"","jetpack_publicize_feature_enabled":true,"jetpack_social_post_already_shared":false,"jetpack_social_options":{"image_generator_settings":{"template":"highway","default_image_id":0,"enabled":false},"version":2}},"categories":[8,1,2819,7],"tags":[6910],"class_list":["post-17850","post","type-post","status-publish","format-standard","has-post-thumbnail","hentry","category-deliberando","category-diario-armstrong","category-el-pais","category-politica","tag-nutrido-acto-contra-el-acuerdo-con-el-fmi-en-buenos-aires"],"jetpack_publicize_connections":[],"jetpack_featured_media_url":"https:\/\/armstrongyregion.com.ar\/diario\/wp-content\/uploads\/2018\/07\/Marcha.contra-FMI.jpeg","jetpack_shortlink":"https:\/\/wp.me\/p62QDO-4DU","jetpack_sharing_enabled":true,"amp_enabled":true,"_links":{"self":[{"href":"https:\/\/armstrongyregion.com.ar\/diario\/wp-json\/wp\/v2\/posts\/17850","targetHints":{"allow":["GET"]}}],"collection":[{"href":"https:\/\/armstrongyregion.com.ar\/diario\/wp-json\/wp\/v2\/posts"}],"about":[{"href":"https:\/\/armstrongyregion.com.ar\/diario\/wp-json\/wp\/v2\/types\/post"}],"author":[{"embeddable":true,"href":"https:\/\/armstrongyregion.com.ar\/diario\/wp-json\/wp\/v2\/users\/1"}],"replies":[{"embeddable":true,"href":"https:\/\/armstrongyregion.com.ar\/diario\/wp-json\/wp\/v2\/comments?post=17850"}],"version-history":[{"count":0,"href":"https:\/\/armstrongyregion.com.ar\/diario\/wp-json\/wp\/v2\/posts\/17850\/revisions"}],"wp:featuredmedia":[{"embeddable":true,"href":"https:\/\/armstrongyregion.com.ar\/diario\/wp-json\/wp\/v2\/media\/17851"}],"wp:attachment":[{"href":"https:\/\/armstrongyregion.com.ar\/diario\/wp-json\/wp\/v2\/media?parent=17850"}],"wp:term":[{"taxonomy":"category","embeddable":true,"href":"https:\/\/armstrongyregion.com.ar\/diario\/wp-json\/wp\/v2\/categories?post=17850"},{"taxonomy":"post_tag","embeddable":true,"href":"https:\/\/armstrongyregion.com.ar\/diario\/wp-json\/wp\/v2\/tags?post=17850"}],"curies":[{"name":"wp","href":"https:\/\/api.w.org\/{rel}","templated":true}]}}