{"id":17842,"date":"2018-07-08T22:29:53","date_gmt":"2018-07-08T22:29:53","guid":{"rendered":"https:\/\/armstrongyregion.com.ar\/diario\/?p=17842"},"modified":"2018-07-08T22:29:53","modified_gmt":"2018-07-08T22:29:53","slug":"las-parejas-avanzan-las-obras-en-la-estacion-transformadora","status":"publish","type":"post","link":"https:\/\/armstrongyregion.com.ar\/diario\/las-parejas-avanzan-las-obras-en-la-estacion-transformadora\/","title":{"rendered":"Las Parejas. Avanzan las obras en la Estaci\u00f3n Transformadora."},"content":{"rendered":"<p><a href=\"http:\/\/armstrongyregion.com.ar\/diario\/wp-content\/uploads\/2018\/07\/planta-transformadora-.jpg\"><img loading=\"lazy\" decoding=\"async\" src=\"http:\/\/armstrongyregion.com.ar\/diario\/wp-content\/uploads\/2018\/07\/planta-transformadora-.jpg\" alt=\"planta-transformadora-\" width=\"768\" height=\"576\" class=\"alignnone size-full wp-image-17843\" srcset=\"https:\/\/armstrongyregion.com.ar\/diario\/wp-content\/uploads\/2018\/07\/planta-transformadora-.jpg 768w, https:\/\/armstrongyregion.com.ar\/diario\/wp-content\/uploads\/2018\/07\/planta-transformadora--300x225.jpg 300w\" sizes=\"auto, (max-width: 768px) 100vw, 768px\" \/><\/a>Las Parejas tendr\u00e1 una imponente fuente de energ\u00eda que ya se encuentra en su etapa final y que seg\u00fan cont\u00f3 el secretario de Industria y Desarrollo, Pablo Carlachiani, podr\u00eda estar funcionando en enero-febrero del a\u00f1o pr\u00f3ximo. En di\u00e1logo con la radio destac\u00f3 su importancia para toda la ciudad y dijo: \u201cSer\u00e1 un antes y un despu\u00e9s en materia energ\u00e9tica\u201d. Tambi\u00e9n cont\u00f3 que la semana pr\u00f3xima estar\u00e1n instalando paneles solares.<br \/>\n\u201cEs un antes y un despu\u00e9s en lo que es materia energ\u00e9tica para Las Parejas con esta estaci\u00f3n transformadora que es una obra imponente que se viene trabajando a buen ritmo\u201d, esgrimi\u00f3 Carlachiani en comunicaci\u00f3n con la radio.  <\/p>\n<p>El secretario municipal dijo que las obras se est\u00e1n desarrollando con \u201cuna muy buena relaci\u00f3n con el Gobierno provincial, con la EPE y con la empresa que licit\u00f3 y est\u00e1 ejecutando los trabajos para que no se demore y tenerla cuanto antes funcionando en la ciudad\u201d. <\/p>\n<p>Cont\u00f3 que d\u00edas atr\u00e1s se reunieron con funcionarios provinciales donde abordaron varios temas importantes, entre ellos el accionar por dicha estaci\u00f3n y los paneles solares que se estar\u00e1n instalando en la pr\u00f3xima semana en la ciudad, adem\u00e1s del recambio de luminarias por las del tipo led \u201cpor el ahorro energ\u00e9tico que esto conlleva\u201d. <\/p>\n<p>Respecto de la estaci\u00f3n transformadora, sus avances y etapas, dijo que \u201cla empresa Electrolux tienen pensado para finales de octubre culminarla, momento en el que se entrega a la EPE para que se empiecen a hacer las pruebas en vac\u00edo, que ser\u00e1n dos o tres meses, y ya en enero-febrero lo ideal ser\u00eda que est\u00e9 funcionando\u201d, vaticin\u00f3 Pablo. <\/p>\n<p>\u201cEsto nos da independencia energ\u00e9tica, vamos a tener nuestra propia energ\u00eda y no vamos a depender de Ca\u00f1ada o Las Rosas\u201d, resalt\u00f3 y explic\u00f3 que la misma brindar\u00e1 la potencia necesaria al \u00e1rea urbana (que consume unos 5-6 megavatios) y al \u00e1rea industrial (que consume unos 8-9 megavatios). Con lo que significa que se estar\u00e1 instalando una capacidad para 30 megavatios, \u201clo que ser\u00eda el doble de lo que se est\u00e1 consumiendo, por lo que tenemos una importante fuerza energ\u00e9tica para los pr\u00f3ximos a\u00f1os\u201d, finaliz\u00f3 admitiendo que ello permitir\u00e1 que no existan problemas de baja presi\u00f3n, cortes de luz u otras complicaciones relacionadas.<br \/>\nFuente: Contacto 100.9FM<\/p>\n","protected":false},"excerpt":{"rendered":"<p>Las Parejas tendr\u00e1 una imponente fuente de energ\u00eda que ya se encuentra en su etapa final y que seg\u00fan cont\u00f3 el secretario de Industria y Desarrollo, Pablo Carlachiani, podr\u00eda estar funcionando en enero-febrero del a\u00f1o pr\u00f3ximo. En di\u00e1logo con la radio destac\u00f3 su importancia para toda la ciudad y dijo: \u201cSer\u00e1 un antes y un <a href=\"https:\/\/armstrongyregion.com.ar\/diario\/las-parejas-avanzan-las-obras-en-la-estacion-transformadora\/\" title=\"Read more\" >&#8230;<\/a><\/p>\n","protected":false},"author":1,"featured_media":17843,"comment_status":"open","ping_status":"open","sticky":false,"template":"","format":"standard","meta":{"_jetpack_memberships_contains_paid_content":false,"footnotes":"","jetpack_publicize_message":"","jetpack_publicize_feature_enabled":true,"jetpack_social_post_already_shared":false,"jetpack_social_options":{"image_generator_settings":{"template":"highway","default_image_id":0,"enabled":false},"version":2}},"categories":[8,1,7,3],"tags":[6907],"class_list":["post-17842","post","type-post","status-publish","format-standard","has-post-thumbnail","hentry","category-deliberando","category-diario-armstrong","category-politica","category-region","tag-las-parejas-avanzan-las-obras-en-la-estacion-transformadora"],"jetpack_publicize_connections":[],"jetpack_featured_media_url":"https:\/\/armstrongyregion.com.ar\/diario\/wp-content\/uploads\/2018\/07\/planta-transformadora-.jpg","jetpack_shortlink":"https:\/\/wp.me\/p62QDO-4DM","jetpack_sharing_enabled":true,"amp_enabled":true,"_links":{"self":[{"href":"https:\/\/armstrongyregion.com.ar\/diario\/wp-json\/wp\/v2\/posts\/17842","targetHints":{"allow":["GET"]}}],"collection":[{"href":"https:\/\/armstrongyregion.com.ar\/diario\/wp-json\/wp\/v2\/posts"}],"about":[{"href":"https:\/\/armstrongyregion.com.ar\/diario\/wp-json\/wp\/v2\/types\/post"}],"author":[{"embeddable":true,"href":"https:\/\/armstrongyregion.com.ar\/diario\/wp-json\/wp\/v2\/users\/1"}],"replies":[{"embeddable":true,"href":"https:\/\/armstrongyregion.com.ar\/diario\/wp-json\/wp\/v2\/comments?post=17842"}],"version-history":[{"count":0,"href":"https:\/\/armstrongyregion.com.ar\/diario\/wp-json\/wp\/v2\/posts\/17842\/revisions"}],"wp:featuredmedia":[{"embeddable":true,"href":"https:\/\/armstrongyregion.com.ar\/diario\/wp-json\/wp\/v2\/media\/17843"}],"wp:attachment":[{"href":"https:\/\/armstrongyregion.com.ar\/diario\/wp-json\/wp\/v2\/media?parent=17842"}],"wp:term":[{"taxonomy":"category","embeddable":true,"href":"https:\/\/armstrongyregion.com.ar\/diario\/wp-json\/wp\/v2\/categories?post=17842"},{"taxonomy":"post_tag","embeddable":true,"href":"https:\/\/armstrongyregion.com.ar\/diario\/wp-json\/wp\/v2\/tags?post=17842"}],"curies":[{"name":"wp","href":"https:\/\/api.w.org\/{rel}","templated":true}]}}