{"id":17839,"date":"2018-07-08T22:09:39","date_gmt":"2018-07-08T22:09:39","guid":{"rendered":"https:\/\/armstrongyregion.com.ar\/diario\/?p=17839"},"modified":"2018-07-08T22:09:39","modified_gmt":"2018-07-08T22:09:39","slug":"armstrong-invitacion-acto-9-de-julio","status":"publish","type":"post","link":"https:\/\/armstrongyregion.com.ar\/diario\/armstrong-invitacion-acto-9-de-julio\/","title":{"rendered":"Armstrong. Invitaci\u00f3n Acto 9 de Julio."},"content":{"rendered":"<p><a href=\"http:\/\/armstrongyregion.com.ar\/diario\/wp-content\/uploads\/2018\/07\/placa-acto-9-de-julio-2018.jpg\"><img loading=\"lazy\" decoding=\"async\" src=\"http:\/\/armstrongyregion.com.ar\/diario\/wp-content\/uploads\/2018\/07\/placa-acto-9-de-julio-2018.jpg\" alt=\"placa acto 9 de julio 2018\" width=\"768\" height=\"549\" class=\"alignnone size-full wp-image-17840\" srcset=\"https:\/\/armstrongyregion.com.ar\/diario\/wp-content\/uploads\/2018\/07\/placa-acto-9-de-julio-2018.jpg 768w, https:\/\/armstrongyregion.com.ar\/diario\/wp-content\/uploads\/2018\/07\/placa-acto-9-de-julio-2018-300x214.jpg 300w\" sizes=\"auto, (max-width: 768px) 100vw, 768px\" \/><\/a>La Municipalidad de Armstrong invita a toda la ciudadan\u00eda a participar del acto por el D\u00eda de la Independencia  que se realizar\u00e1 el lunes 9 de julio a las 14:30 hs. en Plaza San Mart\u00edn.<br \/>\nSer\u00e1n parte del mismo las comunidades educativas de las escuelas N\u00b0 262 \u201cDomingo F. Sarmiento\u201d y T\u00e9cnica N\u00b0 291 \u201cTte. Cnel. Fray Luis Beltr\u00e1n\u201d.<br \/>\nEl Ensamble Folcl\u00f3rico del Conservatorio Municipal \u201cEnzo Vacchino\u201d, dirigido por el Maestro Cristian Guzm\u00e1n, interpretar\u00e1 el Himno Nacional Argentino.<br \/>\nLuego, las instituciones escolares tendr\u00e1n venta de tortas.<br \/>\nEn caso de lluvia se traslada a la Estaci\u00f3n M\u00e1s.<\/p>\n","protected":false},"excerpt":{"rendered":"<p>La Municipalidad de Armstrong invita a toda la ciudadan\u00eda a participar del acto por el D\u00eda de la Independencia que se realizar\u00e1 el lunes 9 de julio a las 14:30 hs. en Plaza San Mart\u00edn. Ser\u00e1n parte del mismo las comunidades educativas de las escuelas N\u00b0 262 \u201cDomingo F. Sarmiento\u201d y T\u00e9cnica N\u00b0 291 \u201cTte. <a href=\"https:\/\/armstrongyregion.com.ar\/diario\/armstrong-invitacion-acto-9-de-julio\/\" title=\"Read more\" >&#8230;<\/a><\/p>\n","protected":false},"author":1,"featured_media":17840,"comment_status":"open","ping_status":"open","sticky":false,"template":"","format":"standard","meta":{"_jetpack_memberships_contains_paid_content":false,"footnotes":"","jetpack_publicize_message":"","jetpack_publicize_feature_enabled":true,"jetpack_social_post_already_shared":false,"jetpack_social_options":{"image_generator_settings":{"template":"highway","default_image_id":0,"enabled":false},"version":2}},"categories":[8,1,2,7],"tags":[6906],"class_list":["post-17839","post","type-post","status-publish","format-standard","has-post-thumbnail","hentry","category-deliberando","category-diario-armstrong","category-locales","category-politica","tag-armstrong-invitacion-acto-9-de-julio"],"jetpack_publicize_connections":[],"jetpack_featured_media_url":"https:\/\/armstrongyregion.com.ar\/diario\/wp-content\/uploads\/2018\/07\/placa-acto-9-de-julio-2018.jpg","jetpack_shortlink":"https:\/\/wp.me\/p62QDO-4DJ","jetpack_sharing_enabled":true,"amp_enabled":true,"_links":{"self":[{"href":"https:\/\/armstrongyregion.com.ar\/diario\/wp-json\/wp\/v2\/posts\/17839","targetHints":{"allow":["GET"]}}],"collection":[{"href":"https:\/\/armstrongyregion.com.ar\/diario\/wp-json\/wp\/v2\/posts"}],"about":[{"href":"https:\/\/armstrongyregion.com.ar\/diario\/wp-json\/wp\/v2\/types\/post"}],"author":[{"embeddable":true,"href":"https:\/\/armstrongyregion.com.ar\/diario\/wp-json\/wp\/v2\/users\/1"}],"replies":[{"embeddable":true,"href":"https:\/\/armstrongyregion.com.ar\/diario\/wp-json\/wp\/v2\/comments?post=17839"}],"version-history":[{"count":0,"href":"https:\/\/armstrongyregion.com.ar\/diario\/wp-json\/wp\/v2\/posts\/17839\/revisions"}],"wp:featuredmedia":[{"embeddable":true,"href":"https:\/\/armstrongyregion.com.ar\/diario\/wp-json\/wp\/v2\/media\/17840"}],"wp:attachment":[{"href":"https:\/\/armstrongyregion.com.ar\/diario\/wp-json\/wp\/v2\/media?parent=17839"}],"wp:term":[{"taxonomy":"category","embeddable":true,"href":"https:\/\/armstrongyregion.com.ar\/diario\/wp-json\/wp\/v2\/categories?post=17839"},{"taxonomy":"post_tag","embeddable":true,"href":"https:\/\/armstrongyregion.com.ar\/diario\/wp-json\/wp\/v2\/tags?post=17839"}],"curies":[{"name":"wp","href":"https:\/\/api.w.org\/{rel}","templated":true}]}}