{"id":17808,"date":"2018-07-06T01:22:25","date_gmt":"2018-07-06T01:22:25","guid":{"rendered":"https:\/\/armstrongyregion.com.ar\/diario\/?p=17808"},"modified":"2018-07-06T01:26:46","modified_gmt":"2018-07-06T01:26:46","slug":"macri-llega-a-carcarana-para-reactivar-un-frigorifico","status":"publish","type":"post","link":"https:\/\/armstrongyregion.com.ar\/diario\/macri-llega-a-carcarana-para-reactivar-un-frigorifico\/","title":{"rendered":"Macri llega a Carcara\u00f1a para reactivar un frigor\u00edfico."},"content":{"rendered":"<p><a href=\"http:\/\/armstrongyregion.com.ar\/diario\/wp-content\/uploads\/2018\/01\/gmacri.jpg_1305449671.jpg\"><img loading=\"lazy\" decoding=\"async\" src=\"http:\/\/armstrongyregion.com.ar\/diario\/wp-content\/uploads\/2018\/01\/gmacri.jpg_1305449671.jpg\" alt=\"gmacri.jpg_1305449671\" width=\"847\" height=\"476\" class=\"alignnone size-full wp-image-16029\" srcset=\"https:\/\/armstrongyregion.com.ar\/diario\/wp-content\/uploads\/2018\/01\/gmacri.jpg_1305449671.jpg 847w, https:\/\/armstrongyregion.com.ar\/diario\/wp-content\/uploads\/2018\/01\/gmacri.jpg_1305449671-300x169.jpg 300w\" sizes=\"auto, (max-width: 847px) 100vw, 847px\" \/><\/a>Luego del faltazo el D\u00eda de la Bandera, el presidente volar\u00e1 a Rosario este viernes para dirigirse luego a Carcara\u00f1\u00e1. Participar\u00e1 de la reapertura de una planta que acoger\u00e1 hasta 500 puestos de trabajo.<br \/>\nEl presidente Mauricio Macri estar\u00e1 este viernes nuevamente en la regi\u00f3n, visitar\u00e1 Carcara\u00f1\u00e1 para participar de la reapertura del frigor\u00edfico Mattievich.<\/p>\n<p>Luego del faltazo al acto del D\u00eda de la Bandera por razones de \u201cseguridad\u201d, el mandatario volar\u00e1 hacia Rosario a las 12 y al arribar se dirigir\u00e1 a la ciudad vecina, para un acto previsto para las 12.45.<\/p>\n<p>El frigor\u00edfico estuvo cerrado durante siete a\u00f1os y con esta reapertura, que demand\u00f3 una inversi\u00f3n de 15 millones de pesos, permitir\u00e1 crear entre 400 y 500 puestos de trabajo, se inform\u00f3 oficialmente.<\/p>\n<p>En principio, Macri llegar\u00eda acompa\u00f1ado en su comitiva por el ministro de Agroindustria, Luis Miguel Etchevehere.<br \/>\nRosario3.com<\/p>\n","protected":false},"excerpt":{"rendered":"<p>Luego del faltazo el D\u00eda de la Bandera, el presidente volar\u00e1 a Rosario este viernes para dirigirse luego a Carcara\u00f1\u00e1. Participar\u00e1 de la reapertura de una planta que acoger\u00e1 hasta 500 puestos de trabajo. El presidente Mauricio Macri estar\u00e1 este viernes nuevamente en la regi\u00f3n, visitar\u00e1 Carcara\u00f1\u00e1 para participar de la reapertura del frigor\u00edfico Mattievich. <a href=\"https:\/\/armstrongyregion.com.ar\/diario\/macri-llega-a-carcarana-para-reactivar-un-frigorifico\/\" title=\"Read more\" >&#8230;<\/a><\/p>\n","protected":false},"author":1,"featured_media":16029,"comment_status":"open","ping_status":"open","sticky":false,"template":"","format":"standard","meta":{"_jetpack_memberships_contains_paid_content":false,"footnotes":"","jetpack_publicize_message":"","jetpack_publicize_feature_enabled":true,"jetpack_social_post_already_shared":false,"jetpack_social_options":{"image_generator_settings":{"template":"highway","default_image_id":0,"enabled":false},"version":2}},"categories":[8,1,2819,7,3],"tags":[6897],"class_list":["post-17808","post","type-post","status-publish","format-standard","has-post-thumbnail","hentry","category-deliberando","category-diario-armstrong","category-el-pais","category-politica","category-region","tag-macri-llega-a-carcarana-para-reactivar-un-frigorifico"],"jetpack_publicize_connections":[],"jetpack_featured_media_url":"https:\/\/armstrongyregion.com.ar\/diario\/wp-content\/uploads\/2018\/01\/gmacri.jpg_1305449671.jpg","jetpack_shortlink":"https:\/\/wp.me\/p62QDO-4De","jetpack_sharing_enabled":true,"amp_enabled":true,"_links":{"self":[{"href":"https:\/\/armstrongyregion.com.ar\/diario\/wp-json\/wp\/v2\/posts\/17808","targetHints":{"allow":["GET"]}}],"collection":[{"href":"https:\/\/armstrongyregion.com.ar\/diario\/wp-json\/wp\/v2\/posts"}],"about":[{"href":"https:\/\/armstrongyregion.com.ar\/diario\/wp-json\/wp\/v2\/types\/post"}],"author":[{"embeddable":true,"href":"https:\/\/armstrongyregion.com.ar\/diario\/wp-json\/wp\/v2\/users\/1"}],"replies":[{"embeddable":true,"href":"https:\/\/armstrongyregion.com.ar\/diario\/wp-json\/wp\/v2\/comments?post=17808"}],"version-history":[{"count":0,"href":"https:\/\/armstrongyregion.com.ar\/diario\/wp-json\/wp\/v2\/posts\/17808\/revisions"}],"wp:featuredmedia":[{"embeddable":true,"href":"https:\/\/armstrongyregion.com.ar\/diario\/wp-json\/wp\/v2\/media\/16029"}],"wp:attachment":[{"href":"https:\/\/armstrongyregion.com.ar\/diario\/wp-json\/wp\/v2\/media?parent=17808"}],"wp:term":[{"taxonomy":"category","embeddable":true,"href":"https:\/\/armstrongyregion.com.ar\/diario\/wp-json\/wp\/v2\/categories?post=17808"},{"taxonomy":"post_tag","embeddable":true,"href":"https:\/\/armstrongyregion.com.ar\/diario\/wp-json\/wp\/v2\/tags?post=17808"}],"curies":[{"name":"wp","href":"https:\/\/api.w.org\/{rel}","templated":true}]}}