{"id":17792,"date":"2018-07-04T13:34:36","date_gmt":"2018-07-04T13:34:36","guid":{"rendered":"https:\/\/armstrongyregion.com.ar\/diario\/?p=17792"},"modified":"2018-07-04T13:34:36","modified_gmt":"2018-07-04T13:34:36","slug":"en-totoras-la-separacion-en-origen-de-la-basura-es-una-realidad","status":"publish","type":"post","link":"https:\/\/armstrongyregion.com.ar\/diario\/en-totoras-la-separacion-en-origen-de-la-basura-es-una-realidad\/","title":{"rendered":"En Totoras, la separaci\u00f3n en origen de la basura es una realidad."},"content":{"rendered":"<p><a href=\"http:\/\/armstrongyregion.com.ar\/diario\/wp-content\/uploads\/2018\/07\/Basura.jpg\"><img loading=\"lazy\" decoding=\"async\" src=\"http:\/\/armstrongyregion.com.ar\/diario\/wp-content\/uploads\/2018\/07\/Basura.jpg\" alt=\"Basura\" width=\"768\" height=\"577\" class=\"alignnone size-full wp-image-17793\" srcset=\"https:\/\/armstrongyregion.com.ar\/diario\/wp-content\/uploads\/2018\/07\/Basura.jpg 768w, https:\/\/armstrongyregion.com.ar\/diario\/wp-content\/uploads\/2018\/07\/Basura-300x225.jpg 300w\" sizes=\"auto, (max-width: 768px) 100vw, 768px\" \/><\/a>El ambientalista Sebasti\u00e1n Jarupskin que forma parte de una cooperativa que trabaja en un programa continuo de educaci\u00f3n ambiental dialog\u00f3 con la radio. Cont\u00f3 de la experiencia que vienen realizando hace un tiempo en esa localidad frente a una problem\u00e1tica mundial: el qu\u00e9 hacer con la basura. All\u00ed cuentan con un centro de reciclado privado donde adem\u00e1s se trabaja en conjunto con ese Municipio.<br \/>\n\u201cEl Estado tiene que invertir en estos temas\u201d, sentenci\u00f3 y destac\u00f3 el accionar que se logr\u00f3 en Totoras gracias a la decisi\u00f3n de un grupo privado que concret\u00f3 el centro de reciclado donde cuentan con un convenio junto a la Municipalidad y la Cooperativa de Educaci\u00f3n Ambiental Mainumbi. <\/p>\n<p>\u201cSomos un grupo de trabajo que construimos una cooperativa sobre educaci\u00f3n ambiental. Nosotros creemos y lo hemos comprobado que empezando por la escuela, con los chicos, con la concientizaci\u00f3n lo podemos lograr\u201d, expres\u00f3 el ambientalista. <\/p>\n<p>En ese sentido explic\u00f3: \u201cEstamos estudiando el tema y una de las primeras conclusiones que sacamos es que no es un problema particular de un sector sino que se debe trabajar con la comunidad en su totalidad y en segunda instancia no se trata de un problema  a solucionarse en corto plazo. Esto es un proceso cultural y educativo principalmente\u201d. <\/p>\n<p>Dijo que en base a esas premisas \u201ccomenzamos a trabajar desde la ra\u00edz de la cuesti\u00f3n\u201d, realizando charlas de concientizaci\u00f3n en las escuelas primarias \u201cdonde incentivamos la recolecci\u00f3n y la separaci\u00f3n en origen de los residuos\u201d. <\/p>\n<p>Respecto de la experiencia que se est\u00e1 realizando en Totoras expres\u00f3: \u201cNosotros comenzamos por ac\u00e1 porque hay un centro de reciclado en el cual todo lo que sea papel, cart\u00f3n, pl\u00e1stico y tetrapack no va al suelo, se realizan fardos de reciclado. Se trabaja con un privado y con el Municipio, se recolecta todo eso desde las casas de la localidad\u201d, explic\u00f3 y cont\u00f3 que en la planta trabajan m\u00e1s de 30 personas. Un cambio educacional que va dando sus frutos.  <\/p>\n","protected":false},"excerpt":{"rendered":"<p>El ambientalista Sebasti\u00e1n Jarupskin que forma parte de una cooperativa que trabaja en un programa continuo de educaci\u00f3n ambiental dialog\u00f3 con la radio. Cont\u00f3 de la experiencia que vienen realizando hace un tiempo en esa localidad frente a una problem\u00e1tica mundial: el qu\u00e9 hacer con la basura. All\u00ed cuentan con un centro de reciclado privado <a href=\"https:\/\/armstrongyregion.com.ar\/diario\/en-totoras-la-separacion-en-origen-de-la-basura-es-una-realidad\/\" title=\"Read more\" >&#8230;<\/a><\/p>\n","protected":false},"author":1,"featured_media":17793,"comment_status":"open","ping_status":"open","sticky":false,"template":"","format":"standard","meta":{"_jetpack_memberships_contains_paid_content":false,"footnotes":"","jetpack_publicize_message":"","jetpack_publicize_feature_enabled":true,"jetpack_social_post_already_shared":false,"jetpack_social_options":{"image_generator_settings":{"template":"highway","default_image_id":0,"enabled":false},"version":2}},"categories":[1,2852,3],"tags":[6891,6892],"class_list":["post-17792","post","type-post","status-publish","format-standard","has-post-thumbnail","hentry","category-diario-armstrong","category-policiales","category-region","tag-en-totoras","tag-la-separacion-en-origen-de-la-basura-es-una-realidad"],"jetpack_publicize_connections":[],"jetpack_featured_media_url":"https:\/\/armstrongyregion.com.ar\/diario\/wp-content\/uploads\/2018\/07\/Basura.jpg","jetpack_shortlink":"https:\/\/wp.me\/p62QDO-4CY","jetpack_sharing_enabled":true,"amp_enabled":true,"_links":{"self":[{"href":"https:\/\/armstrongyregion.com.ar\/diario\/wp-json\/wp\/v2\/posts\/17792","targetHints":{"allow":["GET"]}}],"collection":[{"href":"https:\/\/armstrongyregion.com.ar\/diario\/wp-json\/wp\/v2\/posts"}],"about":[{"href":"https:\/\/armstrongyregion.com.ar\/diario\/wp-json\/wp\/v2\/types\/post"}],"author":[{"embeddable":true,"href":"https:\/\/armstrongyregion.com.ar\/diario\/wp-json\/wp\/v2\/users\/1"}],"replies":[{"embeddable":true,"href":"https:\/\/armstrongyregion.com.ar\/diario\/wp-json\/wp\/v2\/comments?post=17792"}],"version-history":[{"count":0,"href":"https:\/\/armstrongyregion.com.ar\/diario\/wp-json\/wp\/v2\/posts\/17792\/revisions"}],"wp:featuredmedia":[{"embeddable":true,"href":"https:\/\/armstrongyregion.com.ar\/diario\/wp-json\/wp\/v2\/media\/17793"}],"wp:attachment":[{"href":"https:\/\/armstrongyregion.com.ar\/diario\/wp-json\/wp\/v2\/media?parent=17792"}],"wp:term":[{"taxonomy":"category","embeddable":true,"href":"https:\/\/armstrongyregion.com.ar\/diario\/wp-json\/wp\/v2\/categories?post=17792"},{"taxonomy":"post_tag","embeddable":true,"href":"https:\/\/armstrongyregion.com.ar\/diario\/wp-json\/wp\/v2\/tags?post=17792"}],"curies":[{"name":"wp","href":"https:\/\/api.w.org\/{rel}","templated":true}]}}