{"id":17789,"date":"2018-07-04T13:27:16","date_gmt":"2018-07-04T13:27:16","guid":{"rendered":"https:\/\/armstrongyregion.com.ar\/diario\/?p=17789"},"modified":"2018-07-04T13:27:16","modified_gmt":"2018-07-04T13:27:16","slug":"canada-de-gomez-carlos-del-frade-presentara-una-nueva-investigacion","status":"publish","type":"post","link":"https:\/\/armstrongyregion.com.ar\/diario\/canada-de-gomez-carlos-del-frade-presentara-una-nueva-investigacion\/","title":{"rendered":"Ca\u00f1ada de G\u00f3mez. Carlos Del Frade, presentara una nueva investigaci\u00f3n."},"content":{"rendered":"<p><a href=\"http:\/\/armstrongyregion.com.ar\/diario\/wp-content\/uploads\/2018\/07\/ddhh.png\"><img loading=\"lazy\" decoding=\"async\" src=\"http:\/\/armstrongyregion.com.ar\/diario\/wp-content\/uploads\/2018\/07\/ddhh.png\" alt=\"ddhh\" width=\"768\" height=\"403\" class=\"alignnone size-full wp-image-17790\" srcset=\"https:\/\/armstrongyregion.com.ar\/diario\/wp-content\/uploads\/2018\/07\/ddhh.png 768w, https:\/\/armstrongyregion.com.ar\/diario\/wp-content\/uploads\/2018\/07\/ddhh-300x157.png 300w\" sizes=\"auto, (max-width: 768px) 100vw, 768px\" \/><\/a>El Diputado Provincial Carlos del Frade presenta su \u00faltima investigaci\u00f3n \u201cEl lado oscuro de la justicia santafesina. A 50 a\u00f1os de la intervenci\u00f3n Sar\u00e1chaga\u201d. La cita est\u00e1 fijada para este viernes 6, a partir de las 20 horas en la  Biblioteca Rivadavia, Moreno 232 Ca\u00f1ada de Gomez.<\/p>\n<p> Del Frade cuenta la historia pol\u00edtica del poder judicial santafesino reconoce en junio de 1968 una de las intervenciones que, a partir de ese momento, marc\u00f3 a fuego a la instituci\u00f3n. La dictadura de Juan Carlos Ongan\u00eda envi\u00f3 al doctor Dar\u00edo Sar\u00e1chaga como presidente de una corte que subordin\u00f3 la Constituci\u00f3n Nacional a los preceptos del estatuto de la llamada \u201crevoluci\u00f3n argentina\u201d.<\/p>\n<p>Am\u00e9n de su rol como uno de los preludios de la tragedia que se habr\u00eda de desatar posteriormente con el Proceso, para del Frede, treinta a\u00f1os despu\u00e9s de dicha Intervenci\u00f3n las huellas del terrorismo de estado \u201c\u2026se perciben en casi todos los juzgados\u201d. Seg\u00fan lo que narraron decenas de funcionarios del poder judicial entrevistados a lo largo de varios a\u00f1os por Del Frede, la democracia de transici\u00f3n \u201c\u2026gener\u00f3 en los estudios jur\u00eddicos influyentes, tanto santafesinos como rosarinos, una nueva dependencia del poder pol\u00edtico.<\/p>\n<p>Adem\u00e1s, Del Frade remarca que en el libro los lectores van a encontrar \u201cuna lectura muy \u00e1gil, se va a encontrar con el presente, con designaciones que se est\u00e1n haciendo en la actualidad de funcionarios de poder ejecutivo que saltan autom\u00e1ticamente al poder judicial (\u2026) denunciamos la historia y los negociados de Ricardo Lorenzetti, presidente de la Suprema Corte de Justicia de la Naci\u00f3n y despu\u00e9s exhibimos la investigaci\u00f3n que no se hizo sobre el crimen de Luis Medina, uno de los principales narcos que tuvo la provincia, se van a cumplir ahora cinco a\u00f1os en un hecho que ha quedado impune, tanto para la justicia provincial en lo que tiene que ver el doble asesinato de Medina y su pareja, como en la Justicia Federal que era uno de los principales narcos de Santa Fe y tambi\u00e9n qued\u00f3 impune, eso tambi\u00e9n forma de este libro de 150 p\u00e1ginas.  <\/p>\n","protected":false},"excerpt":{"rendered":"<p>El Diputado Provincial Carlos del Frade presenta su \u00faltima investigaci\u00f3n \u201cEl lado oscuro de la justicia santafesina. A 50 a\u00f1os de la intervenci\u00f3n Sar\u00e1chaga\u201d. La cita est\u00e1 fijada para este viernes 6, a partir de las 20 horas en la Biblioteca Rivadavia, Moreno 232 Ca\u00f1ada de Gomez. Del Frade cuenta la historia pol\u00edtica del poder <a href=\"https:\/\/armstrongyregion.com.ar\/diario\/canada-de-gomez-carlos-del-frade-presentara-una-nueva-investigacion\/\" title=\"Read more\" >&#8230;<\/a><\/p>\n","protected":false},"author":1,"featured_media":17790,"comment_status":"open","ping_status":"open","sticky":false,"template":"","format":"standard","meta":{"_jetpack_memberships_contains_paid_content":false,"footnotes":"","jetpack_publicize_message":"","jetpack_publicize_feature_enabled":true,"jetpack_social_post_already_shared":false,"jetpack_social_options":{"image_generator_settings":{"template":"highway","default_image_id":0,"enabled":false},"version":2}},"categories":[8,1,2],"tags":[6889,6890],"class_list":["post-17789","post","type-post","status-publish","format-standard","has-post-thumbnail","hentry","category-deliberando","category-diario-armstrong","category-locales","tag-canada-de-gomez-carlos-del-frade","tag-presentara-una-nueva-investigacion"],"jetpack_publicize_connections":[],"jetpack_featured_media_url":"https:\/\/armstrongyregion.com.ar\/diario\/wp-content\/uploads\/2018\/07\/ddhh.png","jetpack_shortlink":"https:\/\/wp.me\/p62QDO-4CV","jetpack_sharing_enabled":true,"amp_enabled":true,"_links":{"self":[{"href":"https:\/\/armstrongyregion.com.ar\/diario\/wp-json\/wp\/v2\/posts\/17789","targetHints":{"allow":["GET"]}}],"collection":[{"href":"https:\/\/armstrongyregion.com.ar\/diario\/wp-json\/wp\/v2\/posts"}],"about":[{"href":"https:\/\/armstrongyregion.com.ar\/diario\/wp-json\/wp\/v2\/types\/post"}],"author":[{"embeddable":true,"href":"https:\/\/armstrongyregion.com.ar\/diario\/wp-json\/wp\/v2\/users\/1"}],"replies":[{"embeddable":true,"href":"https:\/\/armstrongyregion.com.ar\/diario\/wp-json\/wp\/v2\/comments?post=17789"}],"version-history":[{"count":0,"href":"https:\/\/armstrongyregion.com.ar\/diario\/wp-json\/wp\/v2\/posts\/17789\/revisions"}],"wp:featuredmedia":[{"embeddable":true,"href":"https:\/\/armstrongyregion.com.ar\/diario\/wp-json\/wp\/v2\/media\/17790"}],"wp:attachment":[{"href":"https:\/\/armstrongyregion.com.ar\/diario\/wp-json\/wp\/v2\/media?parent=17789"}],"wp:term":[{"taxonomy":"category","embeddable":true,"href":"https:\/\/armstrongyregion.com.ar\/diario\/wp-json\/wp\/v2\/categories?post=17789"},{"taxonomy":"post_tag","embeddable":true,"href":"https:\/\/armstrongyregion.com.ar\/diario\/wp-json\/wp\/v2\/tags?post=17789"}],"curies":[{"name":"wp","href":"https:\/\/api.w.org\/{rel}","templated":true}]}}