{"id":17782,"date":"2018-07-03T00:47:50","date_gmt":"2018-07-03T00:47:50","guid":{"rendered":"https:\/\/armstrongyregion.com.ar\/diario\/?p=17782"},"modified":"2018-07-03T00:47:50","modified_gmt":"2018-07-03T00:47:50","slug":"deliberando-concejo-rosense-y-politica-del-departamento-iriondo","status":"publish","type":"post","link":"https:\/\/armstrongyregion.com.ar\/diario\/deliberando-concejo-rosense-y-politica-del-departamento-iriondo\/","title":{"rendered":"Deliberando: Concejo Rosense y Pol\u00edtica del Departamento Iriondo."},"content":{"rendered":"<p><a href=\"http:\/\/armstrongyregion.com.ar\/diario\/wp-content\/uploads\/2018\/07\/Paola-Riccardi-.jpg\"><img loading=\"lazy\" decoding=\"async\" src=\"http:\/\/armstrongyregion.com.ar\/diario\/wp-content\/uploads\/2018\/07\/Paola-Riccardi-.jpg\" alt=\"Paola-Riccardi-\" width=\"768\" height=\"511\" class=\"alignnone size-full wp-image-17783\" srcset=\"https:\/\/armstrongyregion.com.ar\/diario\/wp-content\/uploads\/2018\/07\/Paola-Riccardi-.jpg 768w, https:\/\/armstrongyregion.com.ar\/diario\/wp-content\/uploads\/2018\/07\/Paola-Riccardi--300x200.jpg 300w\" sizes=\"auto, (max-width: 768px) 100vw, 768px\" \/><\/a>En la noche de hoy, participara de nuestro programa la Concejal  Dra.Paola Riccardi quien integra el bloque del Partido Justicialista en el legislativo rosense. Como es su labor? Qu\u00e9 proyectos ha presentado en el primer semestre del 2018? Como es la actualidad en la ciudad cabecera del departamento? Tambi\u00e9n se abordaran temas como seguridad y obra p\u00fablica.<br \/>\n<a href=\"http:\/\/armstrongyregion.com.ar\/diario\/wp-content\/uploads\/2018\/07\/Rasetto-Senador-.jpg\"><img loading=\"lazy\" decoding=\"async\" src=\"http:\/\/armstrongyregion.com.ar\/diario\/wp-content\/uploads\/2018\/07\/Rasetto-Senador-.jpg\" alt=\"Rasetto-Senador-\" width=\"768\" height=\"512\" class=\"alignnone size-full wp-image-17784\" srcset=\"https:\/\/armstrongyregion.com.ar\/diario\/wp-content\/uploads\/2018\/07\/Rasetto-Senador-.jpg 768w, https:\/\/armstrongyregion.com.ar\/diario\/wp-content\/uploads\/2018\/07\/Rasetto-Senador--300x200.jpg 300w\" sizes=\"auto, (max-width: 768px) 100vw, 768px\" \/><\/a>Luego compartiremos dos bloques con el Senador del Departamento Iriondo Dr. Hugo Rasetto quien nos informara sobre los proyectos de su autor\u00eda  tratados en la c\u00e1mara.  Que elecci\u00f3n hace con respecto a continuar participando del Frente Progresista C\u00edvico y Social o Cambiemos? Cu\u00e1l ser\u00e1 su candidato a gobernador favorito? Barletta, Laspina o Corral? Que proyecci\u00f3n tiene para las elecciones del 2019 dentro de su departamento.<br \/>\nMartes 3 de Julio. Programa Estreno a las 21hs Por Cable Imagen Armstrong.<\/p>\n","protected":false},"excerpt":{"rendered":"<p>En la noche de hoy, participara de nuestro programa la Concejal Dra.Paola Riccardi quien integra el bloque del Partido Justicialista en el legislativo rosense. Como es su labor? Qu\u00e9 proyectos ha presentado en el primer semestre del 2018? Como es la actualidad en la ciudad cabecera del departamento? Tambi\u00e9n se abordaran temas como seguridad y <a href=\"https:\/\/armstrongyregion.com.ar\/diario\/deliberando-concejo-rosense-y-politica-del-departamento-iriondo\/\" title=\"Read more\" >&#8230;<\/a><\/p>\n","protected":false},"author":1,"featured_media":17783,"comment_status":"open","ping_status":"open","sticky":false,"template":"","format":"standard","meta":{"_jetpack_memberships_contains_paid_content":false,"footnotes":"","jetpack_publicize_message":"","jetpack_publicize_feature_enabled":true,"jetpack_social_post_already_shared":false,"jetpack_social_options":{"image_generator_settings":{"template":"highway","default_image_id":0,"enabled":false},"version":2}},"categories":[8,1,7,3],"tags":[44,646,2438,977,2439],"class_list":["post-17782","post","type-post","status-publish","format-standard","has-post-thumbnail","hentry","category-deliberando","category-diario-armstrong","category-politica","category-region","tag-deliberando-2","tag-hugo","tag-paola","tag-rasetto","tag-riccardi"],"jetpack_publicize_connections":[],"jetpack_featured_media_url":"https:\/\/armstrongyregion.com.ar\/diario\/wp-content\/uploads\/2018\/07\/Paola-Riccardi-.jpg","jetpack_shortlink":"https:\/\/wp.me\/p62QDO-4CO","jetpack_sharing_enabled":true,"amp_enabled":true,"_links":{"self":[{"href":"https:\/\/armstrongyregion.com.ar\/diario\/wp-json\/wp\/v2\/posts\/17782","targetHints":{"allow":["GET"]}}],"collection":[{"href":"https:\/\/armstrongyregion.com.ar\/diario\/wp-json\/wp\/v2\/posts"}],"about":[{"href":"https:\/\/armstrongyregion.com.ar\/diario\/wp-json\/wp\/v2\/types\/post"}],"author":[{"embeddable":true,"href":"https:\/\/armstrongyregion.com.ar\/diario\/wp-json\/wp\/v2\/users\/1"}],"replies":[{"embeddable":true,"href":"https:\/\/armstrongyregion.com.ar\/diario\/wp-json\/wp\/v2\/comments?post=17782"}],"version-history":[{"count":0,"href":"https:\/\/armstrongyregion.com.ar\/diario\/wp-json\/wp\/v2\/posts\/17782\/revisions"}],"wp:featuredmedia":[{"embeddable":true,"href":"https:\/\/armstrongyregion.com.ar\/diario\/wp-json\/wp\/v2\/media\/17783"}],"wp:attachment":[{"href":"https:\/\/armstrongyregion.com.ar\/diario\/wp-json\/wp\/v2\/media?parent=17782"}],"wp:term":[{"taxonomy":"category","embeddable":true,"href":"https:\/\/armstrongyregion.com.ar\/diario\/wp-json\/wp\/v2\/categories?post=17782"},{"taxonomy":"post_tag","embeddable":true,"href":"https:\/\/armstrongyregion.com.ar\/diario\/wp-json\/wp\/v2\/tags?post=17782"}],"curies":[{"name":"wp","href":"https:\/\/api.w.org\/{rel}","templated":true}]}}