{"id":17762,"date":"2018-07-02T14:39:35","date_gmt":"2018-07-02T14:39:35","guid":{"rendered":"https:\/\/armstrongyregion.com.ar\/diario\/?p=17762"},"modified":"2018-07-02T14:43:09","modified_gmt":"2018-07-02T14:43:09","slug":"la-reconciliacion-del-socialismo","status":"publish","type":"post","link":"https:\/\/armstrongyregion.com.ar\/diario\/la-reconciliacion-del-socialismo\/","title":{"rendered":"La reconciliaci\u00f3n del socialismo."},"content":{"rendered":"<p><a href=\"http:\/\/armstrongyregion.com.ar\/diario\/wp-content\/uploads\/2018\/07\/0023901613.jpg\"><img loading=\"lazy\" decoding=\"async\" src=\"http:\/\/armstrongyregion.com.ar\/diario\/wp-content\/uploads\/2018\/07\/0023901613.jpg\" alt=\"0023901613\" width=\"768\" height=\"431\" class=\"alignnone size-full wp-image-17763\" srcset=\"https:\/\/armstrongyregion.com.ar\/diario\/wp-content\/uploads\/2018\/07\/0023901613.jpg 768w, https:\/\/armstrongyregion.com.ar\/diario\/wp-content\/uploads\/2018\/07\/0023901613-300x168.jpg 300w\" sizes=\"auto, (max-width: 768px) 100vw, 768px\" \/><\/a>Los reproches mutuos se tomar\u00e1n un respiro para dar lugar al armado de la estrategia del oficialismo provincial para las cruciales elecciones del a\u00f1o pr\u00f3ximo.<br \/>\n\u00abNadie se salva solo\u00bb, admitieron muy cerca del gobernador santafesino.<\/p>\n<p>P\u00fablicamente van a decir \u00abnunca estuvimos peleados\u00bb, pero las desavenencias entre Antonio Bonfatti y Miguel Lifschitz parecen haberse superado. Al menos \u00abse abrieron puertas\u00bb, como admiten desde el sector del ex gobernador, o \u00abalgo de eso hay, porque nadie se salva s\u00f3lo\u00bb, como se oye decir muy cerca del actual mandatario santafesino.<\/p>\n<p>Lo concreto es que los reproches mutuos se tomar\u00e1n un respiro para dar lugar al armado de la estrategia electoral de 2019. Con el proyecto de reforma constitucional empantanado, casi una traba por estos d\u00edas para imaginar un plan B que los impulse al futuro, se suceder\u00e1n las reuniones para imaginar las mejores condiciones para que el socialismo tenga chances en la pelea electoral que se avecina, ahora que Cambiemos est\u00e1 en baja.<\/p>\n<p>\u00abTampoco hubo un concilio de Trento\u00bb, se encarg\u00f3 de graficar un operador cercano a uno de los dos sectores para bajarle el perfil a lo que los periodistas estamos tentados en llamar \u00abel acuerdo\u00bb. Pero se admite que el gobernador \u00abest\u00e1 distinto, reconoce la realidad objetiva\u00bb, y \u2014por ende\u2014 ha empezado a dar gestos de conciliaci\u00f3n que antes no ten\u00eda.<\/p>\n<p>Durante la visita de Jos\u00e9 Luis Rodr\u00edguez Zapatero, invitado por el Gobierno de Santa Fe para dar unas charlas con un gui\u00f1o a la posibilidad de la reforma constitucional, se produjo alg\u00fan encuentro que antes era esquivo. Tal vez las afirmaciones del ex presidente de Espa\u00f1a hayan influido cuando dijo: \u00ab\u00bfNo s\u00e9 por qu\u00e9 tiene tan mala prensa llegar a acuerdos, cuando los mejores productos pol\u00edticos de la historia son grandes acuerdos?\u00bb. \u00bfSer\u00e1 esta definici\u00f3n la que convenci\u00f3 a los principales referentes del partido de la rosa de sentarse a dialogar?<\/p>\n<p>Qu\u00e9 hacer con la reforma<\/p>\n<p>En tren de restarle importancia a este acercamiento, desde ambos sectores internos del Partido Socialista (PS) suelen apelar a frases de este estilo: \u00abA veces desde afuera, desde la prensa, se leen cosas que parecen irreconciliables, se exagera, cuando no es para tanto. Hubo momentos de mayor tensi\u00f3n, pero nunca la sangre lleg\u00f3 al r\u00edo\u00bb, explican con esp\u00edritu docente.<\/p>\n<p>A cualquiera le vienen a la cabeza numerosos ejemplos comentados por lo bajo, que empezaron con las diferencias sobre qui\u00e9n debi\u00f3 ser el candidato a gobernador del Frente Progresista (FPCyS) en 2011 hasta un intento por bajar la nominaci\u00f3n del propio Lifschitz en 2015. Pero deben ser nom\u00e1s exageraciones period\u00edsticas.<\/p>\n<p>Lo concreto ahora es que avanza la reunificaci\u00f3n de proyectos. El primer problema es qu\u00e9 hacer con la reforma constitucional, que est\u00e1 trabada en ambas C\u00e1maras y con un periplo de comisiones que ser\u00e1 dif\u00edcil de atravesar.<\/p>\n<p>Es probable que sea poco serio retirar el proyecto, pero s\u00ed ya convenga resignarse a que la expectativa de habilitar una reelecci\u00f3n del actual gobernador no saldr\u00e1 seguro, con lo que habr\u00eda que \u00abterminar la jugada\u00bb, como se dice en el f\u00fatbol.<\/p>\n<p>Al gobierno le va a interesar llevar el tema al debate para que quede claro quien est\u00e1 a favor y quien en contra. Pero despu\u00e9s del receso legislativo que comienza la semana pr\u00f3xima conf\u00edan en que la Legislatura le ponga un destino a esta aventura y habilite la posibilidad de discusi\u00f3n para el a\u00f1o pr\u00f3ximo, por ejemplo.<\/p>\n<p>\u00bfHabr\u00e1 salto de peronistas?<\/p>\n<p>Este nuevo escenario habilitar\u00eda el comienzo del armado de los esquemas electorales de cara a 2019, donde es un secreto a voces que Bonfatti ser\u00e1 el candidato natural del Frente Progresista, que podr\u00eda competir a nivel interno con alg\u00fan otro postulante que represente al radicalismo que seguir\u00e1 en esa construcci\u00f3n pol\u00edtica y, si se suma, alg\u00fan otro que represente a los peronistas, que por estos d\u00edas est\u00e1n siendo tentados a dar el salto.<\/p>\n<p>De todos modos, nadie conf\u00eda demasiado en que, estructuralmente, alg\u00fan sector del peronismo se anime a cruzar el G\u00f3lgota, porque es la primera vez en mucho tiempo que ese partido vuelve a vislumbrar chances de victoria en la provincia con la candidatura de Omar Perotti, al que por ahora le cuestionan haberse ido al Mundial de Rusia y desperdiciar preciosos tiempos de armado pol\u00edtico.<\/p>\n<p>Ni el rafaelino, ni Agust\u00edn Rossi ni Mar\u00eda Eugenia Bielsa, quienes controlan las estructuras partidarias, acuerdan con sumarse a un frente como al que est\u00e1 invitando el socialismo. Por lo que la pata peronista que podr\u00eda incorporarse se limitar\u00eda a alg\u00fan presidente de comuna o intendente. Aunque, en el mientras tanto, haya varios que mantengan las expectativas en alto.<\/p>\n<p>Tres tercios<\/p>\n<p>Quienes son m\u00e1s optimistas sobre esta reconciliaci\u00f3n puertas adentro del socialismo ya hablan de que a la candidatura a gobernador de Bonfatti se sumar\u00e1 la de Lifschitz traccionando una lista de diputados provinciales, y hasta imaginan c\u00f3mo se integrar\u00eda.<\/p>\n<p>Hablan de tres tercios: uno para candidatos puros del socialismo, otro para los radicales que se queden en el Frente Progresista y la otra parte para los otros sectores que se sumen al acuerdo. A algunos les cierra y a otros les parece escaso, mezquino. Pero ya se est\u00e1 hablando de todos juntos. Eso es lo que cambi\u00f3 esta semana.<br \/>\nPor Daniel Abba.<\/p>\n","protected":false},"excerpt":{"rendered":"<p>Los reproches mutuos se tomar\u00e1n un respiro para dar lugar al armado de la estrategia del oficialismo provincial para las cruciales elecciones del a\u00f1o pr\u00f3ximo. \u00abNadie se salva solo\u00bb, admitieron muy cerca del gobernador santafesino. P\u00fablicamente van a decir \u00abnunca estuvimos peleados\u00bb, pero las desavenencias entre Antonio Bonfatti y Miguel Lifschitz parecen haberse superado. Al <a href=\"https:\/\/armstrongyregion.com.ar\/diario\/la-reconciliacion-del-socialismo\/\" title=\"Read more\" >&#8230;<\/a><\/p>\n","protected":false},"author":1,"featured_media":17763,"comment_status":"open","ping_status":"open","sticky":false,"template":"","format":"standard","meta":{"_jetpack_memberships_contains_paid_content":false,"footnotes":"","jetpack_publicize_message":"","jetpack_publicize_feature_enabled":true,"jetpack_social_post_already_shared":false,"jetpack_social_options":{"image_generator_settings":{"template":"highway","default_image_id":0,"enabled":false},"version":2}},"categories":[8,1,7,3],"tags":[],"class_list":["post-17762","post","type-post","status-publish","format-standard","has-post-thumbnail","hentry","category-deliberando","category-diario-armstrong","category-politica","category-region"],"jetpack_publicize_connections":[],"jetpack_featured_media_url":"https:\/\/armstrongyregion.com.ar\/diario\/wp-content\/uploads\/2018\/07\/0023901613.jpg","jetpack_shortlink":"https:\/\/wp.me\/p62QDO-4Cu","jetpack_sharing_enabled":true,"amp_enabled":true,"_links":{"self":[{"href":"https:\/\/armstrongyregion.com.ar\/diario\/wp-json\/wp\/v2\/posts\/17762","targetHints":{"allow":["GET"]}}],"collection":[{"href":"https:\/\/armstrongyregion.com.ar\/diario\/wp-json\/wp\/v2\/posts"}],"about":[{"href":"https:\/\/armstrongyregion.com.ar\/diario\/wp-json\/wp\/v2\/types\/post"}],"author":[{"embeddable":true,"href":"https:\/\/armstrongyregion.com.ar\/diario\/wp-json\/wp\/v2\/users\/1"}],"replies":[{"embeddable":true,"href":"https:\/\/armstrongyregion.com.ar\/diario\/wp-json\/wp\/v2\/comments?post=17762"}],"version-history":[{"count":0,"href":"https:\/\/armstrongyregion.com.ar\/diario\/wp-json\/wp\/v2\/posts\/17762\/revisions"}],"wp:featuredmedia":[{"embeddable":true,"href":"https:\/\/armstrongyregion.com.ar\/diario\/wp-json\/wp\/v2\/media\/17763"}],"wp:attachment":[{"href":"https:\/\/armstrongyregion.com.ar\/diario\/wp-json\/wp\/v2\/media?parent=17762"}],"wp:term":[{"taxonomy":"category","embeddable":true,"href":"https:\/\/armstrongyregion.com.ar\/diario\/wp-json\/wp\/v2\/categories?post=17762"},{"taxonomy":"post_tag","embeddable":true,"href":"https:\/\/armstrongyregion.com.ar\/diario\/wp-json\/wp\/v2\/tags?post=17762"}],"curies":[{"name":"wp","href":"https:\/\/api.w.org\/{rel}","templated":true}]}}