{"id":17742,"date":"2018-07-01T21:49:02","date_gmt":"2018-07-01T21:49:02","guid":{"rendered":"https:\/\/armstrongyregion.com.ar\/diario\/?p=17742"},"modified":"2018-07-01T21:49:02","modified_gmt":"2018-07-01T21:49:02","slug":"docentes-de-la-unr-se-suman-al-paro-del-martes-proximo","status":"publish","type":"post","link":"https:\/\/armstrongyregion.com.ar\/diario\/docentes-de-la-unr-se-suman-al-paro-del-martes-proximo\/","title":{"rendered":"Docentes de la UNR se suman al paro del martes pr\u00f3ximo."},"content":{"rendered":"<p><a href=\"http:\/\/armstrongyregion.com.ar\/diario\/wp-content\/uploads\/2018\/07\/marchaateamsafe3_jpg_1572130063_jpg_1572130063_x1x.jpg_1305449671.jpg\"><img loading=\"lazy\" decoding=\"async\" src=\"http:\/\/armstrongyregion.com.ar\/diario\/wp-content\/uploads\/2018\/07\/marchaateamsafe3_jpg_1572130063_jpg_1572130063_x1x.jpg_1305449671.jpg\" alt=\"marchaateamsafe3_jpg_1572130063_jpg_1572130063_x1x.jpg_1305449671\" width=\"847\" height=\"476\" class=\"alignnone size-full wp-image-17743\" srcset=\"https:\/\/armstrongyregion.com.ar\/diario\/wp-content\/uploads\/2018\/07\/marchaateamsafe3_jpg_1572130063_jpg_1572130063_x1x.jpg_1305449671.jpg 847w, https:\/\/armstrongyregion.com.ar\/diario\/wp-content\/uploads\/2018\/07\/marchaateamsafe3_jpg_1572130063_jpg_1572130063_x1x.jpg_1305449671-300x169.jpg 300w\" sizes=\"auto, (max-width: 847px) 100vw, 847px\" \/><\/a>El gremio Coad anunci\u00f3 que se plegar\u00e1n a la huelga de Ctera contra la represi\u00f3n a los maestros de Chubut. Por otra parte, votar\u00e1n esta semana si comienzan las clases en el segundo cuatrimestre.<br \/>\nLos profesores universitarios nucleados en Coad se sumar\u00e1n al paro nacional docente lanzado por Ctera para el pr\u00f3ximo martes 3 de julio. La medida de fuerza ya cuenta con la adhesi\u00f3n de Amsaf\u00e9 y Sadop en la provincia de Santa Fe.<\/p>\n<p>Coad repudi\u00f3 \u201cen\u00e9rgicamente la represi\u00f3n a docentes de Chubut que se encontraban fuera de la Casa de Gobierno mientras se desarrollaba la paritaria provincial\u201d.<\/p>\n<p>\u201cDespu\u00e9s de 100 d\u00edas de lucha en la carpa de la unidad sindical, los trabajadores de la educaci\u00f3n chubutenses fueron reprimidos con gas pimienta y golpes. La \u00fanica soluci\u00f3n es el cese del accionar represivo y la presentaci\u00f3n de una oferta salarial digna a los docentes\u201d, indic\u00f3 el gremio de los docentes de la UNR.<\/p>\n<p>Coad adem\u00e1s participar\u00e1 desde este lunes y hasta el 5 de julio del Plebiscito Nacional Universitario para definir si comienzan las clases en el segundo cuatrimestre.<\/p>\n<p>Habr\u00e1 mesas de votaci\u00f3n en todas las facultades de la UNR y en la sede gremial.<br \/>\nRosario3.com<\/p>\n","protected":false},"excerpt":{"rendered":"<p>El gremio Coad anunci\u00f3 que se plegar\u00e1n a la huelga de Ctera contra la represi\u00f3n a los maestros de Chubut. Por otra parte, votar\u00e1n esta semana si comienzan las clases en el segundo cuatrimestre. Los profesores universitarios nucleados en Coad se sumar\u00e1n al paro nacional docente lanzado por Ctera para el pr\u00f3ximo martes 3 de <a href=\"https:\/\/armstrongyregion.com.ar\/diario\/docentes-de-la-unr-se-suman-al-paro-del-martes-proximo\/\" title=\"Read more\" >&#8230;<\/a><\/p>\n","protected":false},"author":1,"featured_media":17743,"comment_status":"open","ping_status":"open","sticky":false,"template":"","format":"standard","meta":{"_jetpack_memberships_contains_paid_content":false,"footnotes":"","jetpack_publicize_message":"","jetpack_publicize_feature_enabled":true,"jetpack_social_post_already_shared":false,"jetpack_social_options":{"image_generator_settings":{"template":"highway","default_image_id":0,"enabled":false},"version":2}},"categories":[6,8,1,2,3],"tags":[6876],"class_list":["post-17742","post","type-post","status-publish","format-standard","has-post-thumbnail","hentry","category-cultura-entretenimiento","category-deliberando","category-diario-armstrong","category-locales","category-region","tag-docentes-de-la-unr-se-suman-al-paro-del-martes-proximo"],"jetpack_publicize_connections":[],"jetpack_featured_media_url":"https:\/\/armstrongyregion.com.ar\/diario\/wp-content\/uploads\/2018\/07\/marchaateamsafe3_jpg_1572130063_jpg_1572130063_x1x.jpg_1305449671.jpg","jetpack_shortlink":"https:\/\/wp.me\/p62QDO-4Ca","jetpack_sharing_enabled":true,"amp_enabled":true,"_links":{"self":[{"href":"https:\/\/armstrongyregion.com.ar\/diario\/wp-json\/wp\/v2\/posts\/17742","targetHints":{"allow":["GET"]}}],"collection":[{"href":"https:\/\/armstrongyregion.com.ar\/diario\/wp-json\/wp\/v2\/posts"}],"about":[{"href":"https:\/\/armstrongyregion.com.ar\/diario\/wp-json\/wp\/v2\/types\/post"}],"author":[{"embeddable":true,"href":"https:\/\/armstrongyregion.com.ar\/diario\/wp-json\/wp\/v2\/users\/1"}],"replies":[{"embeddable":true,"href":"https:\/\/armstrongyregion.com.ar\/diario\/wp-json\/wp\/v2\/comments?post=17742"}],"version-history":[{"count":0,"href":"https:\/\/armstrongyregion.com.ar\/diario\/wp-json\/wp\/v2\/posts\/17742\/revisions"}],"wp:featuredmedia":[{"embeddable":true,"href":"https:\/\/armstrongyregion.com.ar\/diario\/wp-json\/wp\/v2\/media\/17743"}],"wp:attachment":[{"href":"https:\/\/armstrongyregion.com.ar\/diario\/wp-json\/wp\/v2\/media?parent=17742"}],"wp:term":[{"taxonomy":"category","embeddable":true,"href":"https:\/\/armstrongyregion.com.ar\/diario\/wp-json\/wp\/v2\/categories?post=17742"},{"taxonomy":"post_tag","embeddable":true,"href":"https:\/\/armstrongyregion.com.ar\/diario\/wp-json\/wp\/v2\/tags?post=17742"}],"curies":[{"name":"wp","href":"https:\/\/api.w.org\/{rel}","templated":true}]}}