{"id":17739,"date":"2018-06-30T15:42:14","date_gmt":"2018-06-30T15:42:14","guid":{"rendered":"https:\/\/armstrongyregion.com.ar\/diario\/?p=17739"},"modified":"2018-06-30T15:42:14","modified_gmt":"2018-06-30T15:42:14","slug":"preocupa-el-aumento-de-los-casos-de-sifilis-en-santa-fe-y-en-el-pais","status":"publish","type":"post","link":"https:\/\/armstrongyregion.com.ar\/diario\/preocupa-el-aumento-de-los-casos-de-sifilis-en-santa-fe-y-en-el-pais\/","title":{"rendered":"Preocupa el aumento de los casos de s\u00edfilis en Santa Fe y en el pa\u00eds."},"content":{"rendered":"<p><a href=\"http:\/\/armstrongyregion.com.ar\/diario\/wp-content\/uploads\/2018\/06\/Primeros-s\u00edntomas-de-la-s\u00edfilis-\u00a1aprende-a-detectarla.jpg\"><img loading=\"lazy\" decoding=\"async\" src=\"http:\/\/armstrongyregion.com.ar\/diario\/wp-content\/uploads\/2018\/06\/Primeros-s\u00edntomas-de-la-s\u00edfilis-\u00a1aprende-a-detectarla.jpg\" alt=\"Primeros-s\u00edntomas-de-la-s\u00edfilis-\u00a1aprende-a-detectarla\" width=\"1000\" height=\"571\" class=\"alignnone size-full wp-image-17740\" srcset=\"https:\/\/armstrongyregion.com.ar\/diario\/wp-content\/uploads\/2018\/06\/Primeros-s\u00edntomas-de-la-s\u00edfilis-\u00a1aprende-a-detectarla.jpg 1000w, https:\/\/armstrongyregion.com.ar\/diario\/wp-content\/uploads\/2018\/06\/Primeros-s\u00edntomas-de-la-s\u00edfilis-\u00a1aprende-a-detectarla-300x171.jpg 300w\" sizes=\"auto, (max-width: 1000px) 100vw, 1000px\" \/><\/a>En la Argentina se triplicaron los pacientes infectados en solo 6 a\u00f1os y ya son m\u00e1s de 11.700. En los hospitales y centros de salud de la provincia tambi\u00e9n preocupa la tendencia. La principal causa es que se \u201crelaj\u00f3\u201d el uso del preservativo.<br \/>\nHay una vieja enfermedad de transmisi\u00f3n sexual, que acech\u00f3 a bohemios, escritores y poetas durante siglos, que se reactiv\u00f3 durante los \u00faltimos a\u00f1os: la s\u00edfilis. En Santa Fe preocupa el aumento de los casos y se lo relaciona con que se \u201crelaj\u00f3\u201d el uso del preservativo.<\/p>\n<p>\u201cLa s\u00edfilis viene creciendo porque muchos j\u00f3venes \u2014y tambi\u00e9n adultos\u2014 tienen relaciones sexuales no protegidas, a veces asociadas al consumo de alcohol. Despu\u00e9s de muchos a\u00f1os, tambi\u00e9n detectamos casos de s\u00edfilis cong\u00e9nita en Santa Fe\u201d, le cont\u00f3 a El Litoral Alberto Simeoni, referente de la Direcci\u00f3n Provincial por la Salud de la Ni\u00f1ez y Adolescencia del Ministerio de Salud santafesino. La s\u00edfilis cong\u00e9nita se da cuando la mam\u00e1 contagia la enfermedad al beb\u00e9 a trav\u00e9s de la placenta o del canal de parto.<\/p>\n<p>A nivel nacional, las estad\u00edsticas preocupan. En el 2011 se detectaron 3.875 casos y el a\u00f1o pasado la cifra aument\u00f3 hasta los 11.709 pacientes, seg\u00fan datos del Ministerio de Salud de la Naci\u00f3n. En Santa Fe se est\u00e1n procesando los n\u00fameros para poder evaluar en qu\u00e9 magnitud creci\u00f3 la enfermedad, pero nadie duda \u2014porque la detectan en centros de salud y hospitales\u2014 en que el incremento es importante.<\/p>\n<p>Para Simeoni, una de las variables que influy\u00f3 es que se percibe al VIH &#8211; Sida \u2014que durante a\u00f1os impuls\u00f3 el uso del preservativo\u2014 como una amenaza menos grave, porque ahora los tratamientos antirretrovirales suelen ser efectivos para controlar el avance del virus.<\/p>\n<p>Esta cuesti\u00f3n tambi\u00e9n preocupa a las asociaciones que trabajan en la prevenci\u00f3n del VIH. \u201cEl 96% de los nuevos casos de VIH se debe a relaciones sexuales sin preservativo\u201d, aseguran desde AFH Argentina (AIDS Healthcare Foundation, en ingl\u00e9s). Desde la entidad advierten que en las encuestas tambi\u00e9n salta un dato que alarma: s\u00f3lo el 14,5% de las personas asegura usar siempre el preservativo. <\/p>\n<p>\u201cEl cond\u00f3n es el m\u00e9todo m\u00e1s eficaz para reducir la transmisi\u00f3n del VIH y de otras de infecciones sexuales como la gonorrea, la clamidia, las hepatitis virales, la s\u00edfilis, el herpes genital, el Virus del Papiloma Humano (VPH) y el virus zika\u201d, record\u00f3 AFH Argentina, en el marco del D\u00eda Mundial del Cond\u00f3n, que se conmemora cada 13 de febrero.<\/p>\n<p>La prevenci\u00f3n, clave<\/p>\n<p>Para Simeoni, la principal estrategia para evitar que siga creciendo la enfermedad es la educaci\u00f3n sexual para que los j\u00f3venes \u2014y tambi\u00e9n los adultos\u2014 comprendan los riesgos que corren si no utilizan el preservativo. En la provincia tambi\u00e9n se est\u00e1n reforzando los controles prenatales para evitar los casos de s\u00edfilis cong\u00e9nita. <\/p>\n<p>\u201cEn el caso de la s\u00edfilis, la detecci\u00f3n temprana es fundamental porque el tratamiento es relativamente simple y se realiza con antibi\u00f3ticos\u201d, indic\u00f3 el funcionario santafesino.<\/p>\n<p>Los s\u00edntomas suelen aparecer a los 20 d\u00edas de que la bacteria (la espiroqueta Treponema pallidum) ingresa al organismo. Comienza con peque\u00f1as llagas \u2014que no duelen\u2014 en la vagina, el pene, la boca o el ano, que desaparecen sin tratamiento. <\/p>\n<p>Seis meses m\u00e1s tarde, pueden aparecer erupciones en el cuerpo, fiebre y ca\u00edda del cabello. Si se deja progresar la enfermedad puede provocar ceguera, demencia, par\u00e1lisis y otras enfermedades graves (incluso la muerte).<br \/>\nEl Litoral.<\/p>\n","protected":false},"excerpt":{"rendered":"<p>En la Argentina se triplicaron los pacientes infectados en solo 6 a\u00f1os y ya son m\u00e1s de 11.700. En los hospitales y centros de salud de la provincia tambi\u00e9n preocupa la tendencia. La principal causa es que se \u201crelaj\u00f3\u201d el uso del preservativo. Hay una vieja enfermedad de transmisi\u00f3n sexual, que acech\u00f3 a bohemios, escritores <a href=\"https:\/\/armstrongyregion.com.ar\/diario\/preocupa-el-aumento-de-los-casos-de-sifilis-en-santa-fe-y-en-el-pais\/\" title=\"Read more\" >&#8230;<\/a><\/p>\n","protected":false},"author":1,"featured_media":17740,"comment_status":"open","ping_status":"open","sticky":false,"template":"","format":"standard","meta":{"_jetpack_memberships_contains_paid_content":false,"footnotes":"","jetpack_publicize_message":"","jetpack_publicize_feature_enabled":true,"jetpack_social_post_already_shared":false,"jetpack_social_options":{"image_generator_settings":{"template":"highway","default_image_id":0,"enabled":false},"version":2}},"categories":[8,1,2819,2,3],"tags":[6875],"class_list":["post-17739","post","type-post","status-publish","format-standard","has-post-thumbnail","hentry","category-deliberando","category-diario-armstrong","category-el-pais","category-locales","category-region","tag-preocupa-el-aumento-de-los-casos-de-sifilis-en-santa-fe-y-en-el-pais"],"jetpack_publicize_connections":[],"jetpack_featured_media_url":"https:\/\/armstrongyregion.com.ar\/diario\/wp-content\/uploads\/2018\/06\/Primeros-s\u00edntomas-de-la-s\u00edfilis-\u00a1aprende-a-detectarla.jpg","jetpack_shortlink":"https:\/\/wp.me\/p62QDO-4C7","jetpack_sharing_enabled":true,"amp_enabled":true,"_links":{"self":[{"href":"https:\/\/armstrongyregion.com.ar\/diario\/wp-json\/wp\/v2\/posts\/17739","targetHints":{"allow":["GET"]}}],"collection":[{"href":"https:\/\/armstrongyregion.com.ar\/diario\/wp-json\/wp\/v2\/posts"}],"about":[{"href":"https:\/\/armstrongyregion.com.ar\/diario\/wp-json\/wp\/v2\/types\/post"}],"author":[{"embeddable":true,"href":"https:\/\/armstrongyregion.com.ar\/diario\/wp-json\/wp\/v2\/users\/1"}],"replies":[{"embeddable":true,"href":"https:\/\/armstrongyregion.com.ar\/diario\/wp-json\/wp\/v2\/comments?post=17739"}],"version-history":[{"count":0,"href":"https:\/\/armstrongyregion.com.ar\/diario\/wp-json\/wp\/v2\/posts\/17739\/revisions"}],"wp:featuredmedia":[{"embeddable":true,"href":"https:\/\/armstrongyregion.com.ar\/diario\/wp-json\/wp\/v2\/media\/17740"}],"wp:attachment":[{"href":"https:\/\/armstrongyregion.com.ar\/diario\/wp-json\/wp\/v2\/media?parent=17739"}],"wp:term":[{"taxonomy":"category","embeddable":true,"href":"https:\/\/armstrongyregion.com.ar\/diario\/wp-json\/wp\/v2\/categories?post=17739"},{"taxonomy":"post_tag","embeddable":true,"href":"https:\/\/armstrongyregion.com.ar\/diario\/wp-json\/wp\/v2\/tags?post=17739"}],"curies":[{"name":"wp","href":"https:\/\/api.w.org\/{rel}","templated":true}]}}