{"id":17684,"date":"2018-06-26T22:18:03","date_gmt":"2018-06-26T22:18:03","guid":{"rendered":"https:\/\/armstrongyregion.com.ar\/diario\/?p=17684"},"modified":"2018-06-26T22:18:03","modified_gmt":"2018-06-26T22:18:03","slug":"clerici-recorrio-trabajos-de-red-cloacal-en-vecinal-san-jose","status":"publish","type":"post","link":"https:\/\/armstrongyregion.com.ar\/diario\/clerici-recorrio-trabajos-de-red-cloacal-en-vecinal-san-jose\/","title":{"rendered":"Cl\u00e9rici recorri\u00f3 trabajos de red cloacal en vecinal San Jos\u00e9"},"content":{"rendered":"<p>La municipalidad aporta la mano de obra y Aguas Santafesinas los materiales. La obra se realizar\u00e1 en las calles Cochabamba y Pringles, entre Castelli y Rawson y Urquiza y Bol\u00edvar entre Venezuela y Pringles.<\/p>\n<p>La intendenta Stella Cl\u00e9rici recorri\u00f3 junto a vecinos los trabajos por parte del municipio para la extensi\u00f3n de la red cloacal en Vecinal San Jos\u00e9 con el aporte en materiales de la empresa Aguas Santafesinas.<br \/>\nLa obra se realiza en las calles Cochabamba y Pringles, entre Castelli y Rawson y Urquiza y Bol\u00edvar entre Venezuela y Pringles. \u201cContinuamos llevando a cabo estas obras de manera conjunta con Aguas Santafesinas para que, con aportes del municipio y la empresa, el servicio de cloacas llegue a todos los barrios de la ciudad\u201d, destac\u00f3 Cl\u00e9rici.<\/p>\n","protected":false},"excerpt":{"rendered":"<p>La municipalidad aporta la mano de obra y Aguas Santafesinas los materiales. La obra se realizar\u00e1 en las calles Cochabamba y Pringles, entre Castelli y Rawson y Urquiza y Bol\u00edvar entre Venezuela y Pringles. La intendenta Stella Cl\u00e9rici recorri\u00f3 junto a vecinos los trabajos por parte del municipio para la extensi\u00f3n de la red cloacal <a href=\"https:\/\/armstrongyregion.com.ar\/diario\/clerici-recorrio-trabajos-de-red-cloacal-en-vecinal-san-jose\/\" title=\"Read more\" >&#8230;<\/a><\/p>\n","protected":false},"author":2,"featured_media":17685,"comment_status":"open","ping_status":"open","sticky":false,"template":"","format":"standard","meta":{"_jetpack_memberships_contains_paid_content":false,"footnotes":"","jetpack_publicize_message":"","jetpack_publicize_feature_enabled":true,"jetpack_social_post_already_shared":false,"jetpack_social_options":{"image_generator_settings":{"template":"highway","default_image_id":0,"enabled":false},"version":2}},"categories":[1,2852],"tags":[6857],"class_list":["post-17684","post","type-post","status-publish","format-standard","has-post-thumbnail","hentry","category-diario-armstrong","category-policiales","tag-clerici-recorrio-trabajos-de-red"],"jetpack_publicize_connections":[],"jetpack_featured_media_url":"https:\/\/armstrongyregion.com.ar\/diario\/wp-content\/uploads\/2018\/06\/WhatsApp-Image-2018-06-26-at-08.38.47-1-e1530051353480.jpeg","jetpack_shortlink":"https:\/\/wp.me\/p62QDO-4Be","jetpack_sharing_enabled":true,"amp_enabled":true,"_links":{"self":[{"href":"https:\/\/armstrongyregion.com.ar\/diario\/wp-json\/wp\/v2\/posts\/17684","targetHints":{"allow":["GET"]}}],"collection":[{"href":"https:\/\/armstrongyregion.com.ar\/diario\/wp-json\/wp\/v2\/posts"}],"about":[{"href":"https:\/\/armstrongyregion.com.ar\/diario\/wp-json\/wp\/v2\/types\/post"}],"author":[{"embeddable":true,"href":"https:\/\/armstrongyregion.com.ar\/diario\/wp-json\/wp\/v2\/users\/2"}],"replies":[{"embeddable":true,"href":"https:\/\/armstrongyregion.com.ar\/diario\/wp-json\/wp\/v2\/comments?post=17684"}],"version-history":[{"count":0,"href":"https:\/\/armstrongyregion.com.ar\/diario\/wp-json\/wp\/v2\/posts\/17684\/revisions"}],"wp:featuredmedia":[{"embeddable":true,"href":"https:\/\/armstrongyregion.com.ar\/diario\/wp-json\/wp\/v2\/media\/17685"}],"wp:attachment":[{"href":"https:\/\/armstrongyregion.com.ar\/diario\/wp-json\/wp\/v2\/media?parent=17684"}],"wp:term":[{"taxonomy":"category","embeddable":true,"href":"https:\/\/armstrongyregion.com.ar\/diario\/wp-json\/wp\/v2\/categories?post=17684"},{"taxonomy":"post_tag","embeddable":true,"href":"https:\/\/armstrongyregion.com.ar\/diario\/wp-json\/wp\/v2\/tags?post=17684"}],"curies":[{"name":"wp","href":"https:\/\/api.w.org\/{rel}","templated":true}]}}