{"id":17667,"date":"2018-06-25T20:49:30","date_gmt":"2018-06-25T20:49:30","guid":{"rendered":"https:\/\/armstrongyregion.com.ar\/diario\/?p=17667"},"modified":"2018-06-25T20:49:30","modified_gmt":"2018-06-25T20:49:30","slug":"nuevo-encuentro-con-la-comunidad-en-la-biblioteca-popular-sarmiento","status":"publish","type":"post","link":"https:\/\/armstrongyregion.com.ar\/diario\/nuevo-encuentro-con-la-comunidad-en-la-biblioteca-popular-sarmiento\/","title":{"rendered":"Nuevo Encuentro con la Comunidad en la Biblioteca Popular Sarmiento."},"content":{"rendered":"<p><a href=\"http:\/\/armstrongyregion.com.ar\/diario\/wp-content\/uploads\/2018\/04\/Paula-Moser-.jpg\"><img loading=\"lazy\" decoding=\"async\" src=\"http:\/\/armstrongyregion.com.ar\/diario\/wp-content\/uploads\/2018\/04\/Paula-Moser-.jpg\" alt=\"Paula-Moser-\" width=\"768\" height=\"512\" class=\"alignnone size-full wp-image-16760\" srcset=\"https:\/\/armstrongyregion.com.ar\/diario\/wp-content\/uploads\/2018\/04\/Paula-Moser-.jpg 768w, https:\/\/armstrongyregion.com.ar\/diario\/wp-content\/uploads\/2018\/04\/Paula-Moser--300x200.jpg 300w\" sizes=\"auto, (max-width: 768px) 100vw, 768px\" \/><\/a>La Biblioteca Popular Sarmiento, invita para este pr\u00f3ximo martes 26 de junio, a las 20hs  a un nuevo encuentro con la Comunidad.<br \/>\nEl temario. Emociones detr\u00e1s del dolor: Trastornos psicosom\u00e1ticos. El mismo estar\u00e1 a cargo de la Lic. en Psicolog\u00eda Paula Moser.<br \/>\nEntrada Libre y Gratuita en el SUM de la Biblioteca Popular Sarmiento.<\/p>\n","protected":false},"excerpt":{"rendered":"<p>La Biblioteca Popular Sarmiento, invita para este pr\u00f3ximo martes 26 de junio, a las 20hs a un nuevo encuentro con la Comunidad. El temario. Emociones detr\u00e1s del dolor: Trastornos psicosom\u00e1ticos. El mismo estar\u00e1 a cargo de la Lic. en Psicolog\u00eda Paula Moser. Entrada Libre y Gratuita en el SUM de la Biblioteca Popular Sarmiento.<\/p>\n","protected":false},"author":1,"featured_media":16760,"comment_status":"open","ping_status":"open","sticky":false,"template":"","format":"standard","meta":{"_jetpack_memberships_contains_paid_content":false,"footnotes":"","jetpack_publicize_message":"","jetpack_publicize_feature_enabled":true,"jetpack_social_post_already_shared":false,"jetpack_social_options":{"image_generator_settings":{"template":"highway","default_image_id":0,"enabled":false},"version":2}},"categories":[6,1,2],"tags":[6854],"class_list":["post-17667","post","type-post","status-publish","format-standard","has-post-thumbnail","hentry","category-cultura-entretenimiento","category-diario-armstrong","category-locales","tag-nuevo-encuentro-con-la-comunidad-en-la-biblioteca-popular-sarmiento"],"jetpack_publicize_connections":[],"jetpack_featured_media_url":"https:\/\/armstrongyregion.com.ar\/diario\/wp-content\/uploads\/2018\/04\/Paula-Moser-.jpg","jetpack_shortlink":"https:\/\/wp.me\/p62QDO-4AX","jetpack_sharing_enabled":true,"amp_enabled":true,"_links":{"self":[{"href":"https:\/\/armstrongyregion.com.ar\/diario\/wp-json\/wp\/v2\/posts\/17667","targetHints":{"allow":["GET"]}}],"collection":[{"href":"https:\/\/armstrongyregion.com.ar\/diario\/wp-json\/wp\/v2\/posts"}],"about":[{"href":"https:\/\/armstrongyregion.com.ar\/diario\/wp-json\/wp\/v2\/types\/post"}],"author":[{"embeddable":true,"href":"https:\/\/armstrongyregion.com.ar\/diario\/wp-json\/wp\/v2\/users\/1"}],"replies":[{"embeddable":true,"href":"https:\/\/armstrongyregion.com.ar\/diario\/wp-json\/wp\/v2\/comments?post=17667"}],"version-history":[{"count":0,"href":"https:\/\/armstrongyregion.com.ar\/diario\/wp-json\/wp\/v2\/posts\/17667\/revisions"}],"wp:featuredmedia":[{"embeddable":true,"href":"https:\/\/armstrongyregion.com.ar\/diario\/wp-json\/wp\/v2\/media\/16760"}],"wp:attachment":[{"href":"https:\/\/armstrongyregion.com.ar\/diario\/wp-json\/wp\/v2\/media?parent=17667"}],"wp:term":[{"taxonomy":"category","embeddable":true,"href":"https:\/\/armstrongyregion.com.ar\/diario\/wp-json\/wp\/v2\/categories?post=17667"},{"taxonomy":"post_tag","embeddable":true,"href":"https:\/\/armstrongyregion.com.ar\/diario\/wp-json\/wp\/v2\/tags?post=17667"}],"curies":[{"name":"wp","href":"https:\/\/api.w.org\/{rel}","templated":true}]}}