{"id":17661,"date":"2018-06-25T00:59:48","date_gmt":"2018-06-25T00:59:48","guid":{"rendered":"https:\/\/armstrongyregion.com.ar\/diario\/?p=17661"},"modified":"2018-06-25T00:59:48","modified_gmt":"2018-06-25T00:59:48","slug":"avances-en-aparatologia-y-tratamientos-esteticos-por-prof-ismael-lucho-martinez","status":"publish","type":"post","link":"https:\/\/armstrongyregion.com.ar\/diario\/avances-en-aparatologia-y-tratamientos-esteticos-por-prof-ismael-lucho-martinez\/","title":{"rendered":"Avances en aparatolog\u00eda y tratamientos est\u00e9ticos. Por Prof. Ismael \u201cLucho\u201d Mart\u00ednez."},"content":{"rendered":"<p><a href=\"http:\/\/armstrongyregion.com.ar\/diario\/wp-content\/uploads\/2018\/06\/DSC_0029.jpg\"><img loading=\"lazy\" decoding=\"async\" src=\"http:\/\/armstrongyregion.com.ar\/diario\/wp-content\/uploads\/2018\/06\/DSC_0029-1024x683.jpg\" alt=\"Ismael-Martinez-\" width=\"800\" height=\"534\" class=\"alignnone size-large wp-image-17662\" srcset=\"https:\/\/armstrongyregion.com.ar\/diario\/wp-content\/uploads\/2018\/06\/DSC_0029-1024x683.jpg 1024w, https:\/\/armstrongyregion.com.ar\/diario\/wp-content\/uploads\/2018\/06\/DSC_0029-300x200.jpg 300w\" sizes=\"auto, (max-width: 800px) 100vw, 800px\" \/><\/a>El Profesor y Esteticista Ismael \u201cLucho\u201d Martinez, participara del programa televisivo Prevenci\u00f3n y Salud, con el objeto de presentar los avances en tratamientos est\u00e9ticos con aparatolog\u00eda para combatir el envejecimiento, la flaccidez cut\u00e1nea y corporal. En esta  oportunidad, nos informara sobre la \u00faltima tecnolog\u00eda aplicada a revertir los procesos de involuci\u00f3n de los tejidos.<br \/>\nIsmael \u201cLucho\u201d Martinez, quien cuenta con amplia trayectoria a nivel internacional como Masoterapeuta, Cosmiatra, Esteticista y Capacitador. Hablara sobre tratamientos faciales y corporales.<br \/>\nFuente: Programa Tv: \u201cPrevenci\u00f3n y Salud\u201d.<br \/>\nProfesional: Cosmiatra y Profesor Ismael \u201cLucho\u201d Martinez.<br \/>\nPrograma Estreno Lunes 25 de Junio-<br \/>\nReiteraciones Jueves 20,30hs y S\u00e1bados 12,30hs.<\/p>\n","protected":false},"excerpt":{"rendered":"<p>El Profesor y Esteticista Ismael \u201cLucho\u201d Martinez, participara del programa televisivo Prevenci\u00f3n y Salud, con el objeto de presentar los avances en tratamientos est\u00e9ticos con aparatolog\u00eda para combatir el envejecimiento, la flaccidez cut\u00e1nea y corporal. En esta oportunidad, nos informara sobre la \u00faltima tecnolog\u00eda aplicada a revertir los procesos de involuci\u00f3n de los tejidos. Ismael <a href=\"https:\/\/armstrongyregion.com.ar\/diario\/avances-en-aparatologia-y-tratamientos-esteticos-por-prof-ismael-lucho-martinez\/\" title=\"Read more\" >&#8230;<\/a><\/p>\n","protected":false},"author":1,"featured_media":17662,"comment_status":"open","ping_status":"open","sticky":false,"template":"","format":"standard","meta":{"_jetpack_memberships_contains_paid_content":false,"footnotes":"","jetpack_publicize_message":"","jetpack_publicize_feature_enabled":true,"jetpack_social_post_already_shared":false,"jetpack_social_options":{"image_generator_settings":{"template":"highway","default_image_id":0,"enabled":false},"version":2}},"categories":[8,1,2,4,3],"tags":[6853],"class_list":["post-17661","post","type-post","status-publish","format-standard","has-post-thumbnail","hentry","category-deliberando","category-diario-armstrong","category-locales","category-prevencion-salud","category-region","tag-avances-en-aparatologia-y-tratamientos-esteticos-por-prof-ismael-lucho-martinez"],"jetpack_publicize_connections":[],"jetpack_featured_media_url":"https:\/\/armstrongyregion.com.ar\/diario\/wp-content\/uploads\/2018\/06\/DSC_0029.jpg","jetpack_shortlink":"https:\/\/wp.me\/p62QDO-4AR","jetpack_sharing_enabled":true,"amp_enabled":true,"_links":{"self":[{"href":"https:\/\/armstrongyregion.com.ar\/diario\/wp-json\/wp\/v2\/posts\/17661","targetHints":{"allow":["GET"]}}],"collection":[{"href":"https:\/\/armstrongyregion.com.ar\/diario\/wp-json\/wp\/v2\/posts"}],"about":[{"href":"https:\/\/armstrongyregion.com.ar\/diario\/wp-json\/wp\/v2\/types\/post"}],"author":[{"embeddable":true,"href":"https:\/\/armstrongyregion.com.ar\/diario\/wp-json\/wp\/v2\/users\/1"}],"replies":[{"embeddable":true,"href":"https:\/\/armstrongyregion.com.ar\/diario\/wp-json\/wp\/v2\/comments?post=17661"}],"version-history":[{"count":0,"href":"https:\/\/armstrongyregion.com.ar\/diario\/wp-json\/wp\/v2\/posts\/17661\/revisions"}],"wp:featuredmedia":[{"embeddable":true,"href":"https:\/\/armstrongyregion.com.ar\/diario\/wp-json\/wp\/v2\/media\/17662"}],"wp:attachment":[{"href":"https:\/\/armstrongyregion.com.ar\/diario\/wp-json\/wp\/v2\/media?parent=17661"}],"wp:term":[{"taxonomy":"category","embeddable":true,"href":"https:\/\/armstrongyregion.com.ar\/diario\/wp-json\/wp\/v2\/categories?post=17661"},{"taxonomy":"post_tag","embeddable":true,"href":"https:\/\/armstrongyregion.com.ar\/diario\/wp-json\/wp\/v2\/tags?post=17661"}],"curies":[{"name":"wp","href":"https:\/\/api.w.org\/{rel}","templated":true}]}}