{"id":1758,"date":"2015-04-14T19:25:15","date_gmt":"2015-04-14T19:25:15","guid":{"rendered":"https:\/\/armstrongyregion.com.ar\/diario\/?p=1758"},"modified":"2015-04-14T19:25:15","modified_gmt":"2015-04-14T19:25:15","slug":"inicio-de-actividades-de-la-banda-municipal-2015","status":"publish","type":"post","link":"https:\/\/armstrongyregion.com.ar\/diario\/inicio-de-actividades-de-la-banda-municipal-2015\/","title":{"rendered":"Inicio de actividades de la Banda Municipal 2015."},"content":{"rendered":"<p><a href=\"http:\/\/armstrongyregion.com.ar\/diario\/wp-content\/uploads\/2015\/04\/bandamarzo1.jpg\"><img loading=\"lazy\" decoding=\"async\" class=\"alignnone size-medium wp-image-1759\" src=\"http:\/\/armstrongyregion.com.ar\/diario\/wp-content\/uploads\/2015\/04\/bandamarzo1-300x180.jpg\" alt=\"bandamarzo\" width=\"300\" height=\"180\" srcset=\"https:\/\/armstrongyregion.com.ar\/diario\/wp-content\/uploads\/2015\/04\/bandamarzo1-300x180.jpg 300w, https:\/\/armstrongyregion.com.ar\/diario\/wp-content\/uploads\/2015\/04\/bandamarzo1-1024x614.jpg 1024w, https:\/\/armstrongyregion.com.ar\/diario\/wp-content\/uploads\/2015\/04\/bandamarzo1.jpg 1280w\" sizes=\"auto, (max-width: 300px) 100vw, 300px\" \/><\/a>Desde mediados del pasado mes de marzo, la Banda Infanto Juvenil Municipal comenz\u00f3 a desarrollar las actividades previstas para este a\u00f1o en curso guiada, en vientos por los Maestros Sebasti\u00e1n Tesei y Gabriel Alustiza, y por el Maestro Ger\u00f3nimo Tesei, en percusi\u00f3n.<\/p>\n<p>Todas las personas, a partir de los 8 a\u00f1os de edad, tienen la posibilidad de empezar a estudiar m\u00fasica, a interpretar un instrumento musical y a experimentar tocar en grupo, que es lo que se trata de afianzar. Las orquestaciones estar\u00e1n adaptadas para cada uno que quiera participar, incluso aquellos armstronenses que ya formen parte de otras bandas o grupos musicales, y de cualquier edad.<\/p>\n<p>Uno de los objetivos perseguidos es la conformaci\u00f3n de una orquesta juvenil, del que participen j\u00f3venes que estudien m\u00fasica de manera particular, o bien, se formen en la misma escuela de m\u00fasica que ofrece el municipio.<\/p>\n<p>La Banda Municipal, conformada hoy por m\u00e1s de 40 integrantes y que realiza sus ensayos en el sal\u00f3n del ferrocarril, ya tuvo sus primeras presentaciones en este 2015, en el encuentro de Bandas de la localidad de Arteaga y en actos oficiales.<\/p>\n<p>Para informes e inscripciones, dirigirse a la Secretar\u00eda de Educaci\u00f3n, Cultura y Deporte, de lunes a viernes de 7 a 13 hs.<\/p>\n","protected":false},"excerpt":{"rendered":"<p>Desde mediados del pasado mes de marzo, la Banda Infanto Juvenil Municipal comenz\u00f3 a desarrollar las actividades previstas para este a\u00f1o en curso guiada, en vientos por los Maestros Sebasti\u00e1n Tesei y Gabriel Alustiza, y por el Maestro Ger\u00f3nimo Tesei, en percusi\u00f3n. Todas las personas, a partir de los 8 a\u00f1os de edad, tienen la <a href=\"https:\/\/armstrongyregion.com.ar\/diario\/inicio-de-actividades-de-la-banda-municipal-2015\/\" title=\"Read more\" >&#8230;<\/a><\/p>\n","protected":false},"author":2,"featured_media":1759,"comment_status":"open","ping_status":"open","sticky":false,"template":"","format":"standard","meta":{"_jetpack_memberships_contains_paid_content":false,"footnotes":"","jetpack_publicize_message":"","jetpack_publicize_feature_enabled":true,"jetpack_social_post_already_shared":true,"jetpack_social_options":{"image_generator_settings":{"template":"highway","default_image_id":0,"enabled":false},"version":2}},"categories":[6,1,2],"tags":[214,263,948,19,174,31,524],"class_list":["post-1758","post","type-post","status-publish","format-standard","has-post-thumbnail","hentry","category-cultura-entretenimiento","category-diario-armstrong","category-locales","tag-214","tag-actividades","tag-banda","tag-de","tag-inicio","tag-la","tag-municipal"],"jetpack_publicize_connections":[],"jetpack_featured_media_url":"https:\/\/armstrongyregion.com.ar\/diario\/wp-content\/uploads\/2015\/04\/bandamarzo1.jpg","jetpack_shortlink":"https:\/\/wp.me\/p62QDO-sm","jetpack_sharing_enabled":true,"amp_enabled":true,"_links":{"self":[{"href":"https:\/\/armstrongyregion.com.ar\/diario\/wp-json\/wp\/v2\/posts\/1758","targetHints":{"allow":["GET"]}}],"collection":[{"href":"https:\/\/armstrongyregion.com.ar\/diario\/wp-json\/wp\/v2\/posts"}],"about":[{"href":"https:\/\/armstrongyregion.com.ar\/diario\/wp-json\/wp\/v2\/types\/post"}],"author":[{"embeddable":true,"href":"https:\/\/armstrongyregion.com.ar\/diario\/wp-json\/wp\/v2\/users\/2"}],"replies":[{"embeddable":true,"href":"https:\/\/armstrongyregion.com.ar\/diario\/wp-json\/wp\/v2\/comments?post=1758"}],"version-history":[{"count":0,"href":"https:\/\/armstrongyregion.com.ar\/diario\/wp-json\/wp\/v2\/posts\/1758\/revisions"}],"wp:featuredmedia":[{"embeddable":true,"href":"https:\/\/armstrongyregion.com.ar\/diario\/wp-json\/wp\/v2\/media\/1759"}],"wp:attachment":[{"href":"https:\/\/armstrongyregion.com.ar\/diario\/wp-json\/wp\/v2\/media?parent=1758"}],"wp:term":[{"taxonomy":"category","embeddable":true,"href":"https:\/\/armstrongyregion.com.ar\/diario\/wp-json\/wp\/v2\/categories?post=1758"},{"taxonomy":"post_tag","embeddable":true,"href":"https:\/\/armstrongyregion.com.ar\/diario\/wp-json\/wp\/v2\/tags?post=1758"}],"curies":[{"name":"wp","href":"https:\/\/api.w.org\/{rel}","templated":true}]}}