{"id":17541,"date":"2018-06-13T12:54:10","date_gmt":"2018-06-13T12:54:10","guid":{"rendered":"https:\/\/armstrongyregion.com.ar\/diario\/?p=17541"},"modified":"2018-06-13T12:54:10","modified_gmt":"2018-06-13T12:54:10","slug":"paro-del-jueves-no-habra-clases-pero-si-transporte","status":"publish","type":"post","link":"https:\/\/armstrongyregion.com.ar\/diario\/paro-del-jueves-no-habra-clases-pero-si-transporte\/","title":{"rendered":"Paro del jueves: no habr\u00e1 clases  pero s\u00ed transporte."},"content":{"rendered":"<p><a href=\"http:\/\/armstrongyregion.com.ar\/diario\/wp-content\/uploads\/2018\/06\/paro33.jpg_1305449671.jpg\"><img loading=\"lazy\" decoding=\"async\" src=\"http:\/\/armstrongyregion.com.ar\/diario\/wp-content\/uploads\/2018\/06\/paro33.jpg_1305449671.jpg\" alt=\"paro33.jpg_1305449671\" width=\"847\" height=\"476\" class=\"alignnone size-full wp-image-17542\" srcset=\"https:\/\/armstrongyregion.com.ar\/diario\/wp-content\/uploads\/2018\/06\/paro33.jpg_1305449671.jpg 847w, https:\/\/armstrongyregion.com.ar\/diario\/wp-content\/uploads\/2018\/06\/paro33.jpg_1305449671-300x169.jpg 300w\" sizes=\"auto, (max-width: 847px) 100vw, 847px\" \/><\/a>Las dos CTA y Camioneros realizan una medida de fuerza nacional por 24 horas. Los docentes de Amsaf\u00e9 y de Coad tambi\u00e9n adhieren.<br \/>\nEste jueves no habr\u00e1 clases en las escuelas p\u00fablicas y en las universidades, pero s\u00ed transporte y bancos. Esa es la traducci\u00f3n de parte del impacto que tendr\u00e1 el paro nacional del Sindicato de Camioneros que conduce Hugo Moyano y las dos CTA, la Aut\u00f3noma liderada por Pablo Micheli y la de los Trabajadores, de Hugo Yasky.<br \/>\nLos docentes de Amsaf\u00e9, entidad nucleada en la CTA, adhieren a la medida de fuerza y por eso este jueves no habr\u00e1 clases en las escuelas p\u00fablicas de la provincia.<br \/>\n\u201cLa medida se inscribe en el rechazo al ajuste, los tarifazos y la entrega de la soberan\u00eda nacional al FMI, as\u00ed como en la exigencia de paritarias libres, para todos los sindicatos\u201d, expresa el comunicado de los maestros.<br \/>\nDesde la Asociaci\u00f3n Gremial de Docentes e Investigadores de la UNR (Coad) se sumaron a la convocatoria -como parte de la CTA de los Trabajadores- en el marco de una semana \u201cde lucha contundente\u201d. No hubo actividad en las facultades los d\u00edas lunes y martes, y eso se replicar\u00e1 jueves y viernes.<br \/>\nAdem\u00e1s del repudio a las medidas econ\u00f3micas, Laura Ferrer Varela, secretaria general de Coad, cuestion\u00f3 \u201clas migajas de aumento que el gobierno quiere dar a espaldas de millones de trabajadoras y trabajadores, constituyen un insulto a la dignidad de quienes pretenden vivir decentemente de sus salarios y no del trabajo ajeno\u00bb.<br \/>\nEl gremio de los Camioneros, uno de los m\u00e1s fuertes a nivel nacional, lanz\u00f3 la protesta por la falta de acuerdo en la paritaria con el sector empresarial. El sector pide un 27 por ciento cuando los empresarios les ofrecieron un 15.<br \/>\nEn Rosario, los trabajadores recolectores nucleados en el Sindicato de Recolecci\u00f3n concentraran desde la madrugada de ese mismo jueves en la intersecci\u00f3n de Circunvalaci\u00f3n y Presidente Per\u00f3n. A las 7.15 brindar\u00e1n una conferencia de prensa pero seg\u00fan anticip\u00f3 Marcelo Andrada, secretario general del gremio, \u201cno habr\u00e1 bloqueos no corte de rutas\u00bb.<br \/>\nEl servicio de recolecci\u00f3n volver\u00e1 a su normalidad reci\u00e9n el d\u00eda viernes.<br \/>\nEn la provincia de Santa Fe tambi\u00e9n habr\u00e1 concentraci\u00f3n de camiones en las rutas 19 y 34; 1, 68 y 11.<\/p>\n<p>Piquetes de la CCC<\/p>\n<p>Por otro lado, la Corriente Clasista y Combativa (CCC) concretar\u00e1 ocho cortes de tr\u00e1nsito en los siguientes puntos:<\/p>\n<p>Avenida Traves\u00eda y Juan Jos\u00e9 Paso.<\/p>\n<p>Avenida Sorrento y Casiano Casas.<\/p>\n<p>Avenida Baigorria (ruta 34) y Laguna.<\/p>\n<p>Juan Per\u00f3n y Circunvalaci\u00f3n.<\/p>\n<p>Juan Per\u00f3n y Avellaneda.<\/p>\n<p>Circunvalaci\u00f3n y Espa\u00f1a.<\/p>\n<p>Avenida San Mart\u00edn (VGG) y Circunvalaci\u00f3n.<\/p>\n<p>Acceso Sur y Uriburu.<\/p>\n<p>Adhesi\u00f3n y marcha<\/p>\n<p>Adem\u00e1s de Amsaf\u00e9 y Coad, el plenario intersindical que incluye a los estatales de ATE, los profesionales de la salud en Siprus, Aceiteros y GOA unificaron su plan de lucha y lo hicieron coincidir con los otros gremios en esta jornada.<br \/>\nAdem\u00e1s, adhieren el Sindicato de Prensa Rosario (SPR) que participar\u00e1 de la movilizaci\u00f3n a las 10 desde plaza 25 de Mayo a Corrientes y C\u00f3rdoba (Bolsa de Comercio). Se garantizar\u00e1 en los medios la cobertura de la protesta y las trabajadoras y los trabajadores de prensa quedar\u00e1n desobligados para asistir a la marcha.<br \/>\n\u201cLa convocatoria tiene como eje principal reclamar contra el ajuste que se profundiza, que genera paritarias con un techo impuesto, paritarias que no son libres; despidos, recorte de derechos, de salarios. Tenemos en este momento una recesi\u00f3n econ\u00f3mica con m\u00e1s desigualdad, con m\u00e1s hambre, un pueblo que padece las pol\u00edticas del ajuste que se agravan ahora con esta zambullida del gobierno nacional en los brazos del Fondo Monetario Internacional\u201d, afirm\u00f3 el secretario general de la CTA de los Trabajadores, Hugo Yasky.<br \/>\nEl Sindicato de Trabajadores Judiciales (Sitraju), el gremio local de Obras Sanitarias y la Asociaci\u00f3n de Transportistas de personas con Discapacidad (Atraes), entre otros, tambi\u00e9n se suman al paro de actividades de este 14 de junio.<br \/>\nOtros sindicatos de peso, como el transporte de UTA o los bancarios, nucleados a la CGT, realizar\u00e1n un paro pero reci\u00e9n el lunes 25 de junio por lo que este jueves habr\u00e1 actividad normal.<\/p>\n<p>Fuente: Rosario3.com<\/p>\n","protected":false},"excerpt":{"rendered":"<p>Las dos CTA y Camioneros realizan una medida de fuerza nacional por 24 horas. Los docentes de Amsaf\u00e9 y de Coad tambi\u00e9n adhieren. Este jueves no habr\u00e1 clases en las escuelas p\u00fablicas y en las universidades, pero s\u00ed transporte y bancos. Esa es la traducci\u00f3n de parte del impacto que tendr\u00e1 el paro nacional del <a href=\"https:\/\/armstrongyregion.com.ar\/diario\/paro-del-jueves-no-habra-clases-pero-si-transporte\/\" title=\"Read more\" >&#8230;<\/a><\/p>\n","protected":false},"author":1,"featured_media":17542,"comment_status":"open","ping_status":"open","sticky":false,"template":"","format":"standard","meta":{"_jetpack_memberships_contains_paid_content":false,"footnotes":"","jetpack_publicize_message":"","jetpack_publicize_feature_enabled":true,"jetpack_social_post_already_shared":false,"jetpack_social_options":{"image_generator_settings":{"template":"highway","default_image_id":0,"enabled":false},"version":2}},"categories":[8,1,2,3],"tags":[6814],"class_list":["post-17541","post","type-post","status-publish","format-standard","has-post-thumbnail","hentry","category-deliberando","category-diario-armstrong","category-locales","category-region","tag-paro-del-jueves-no-habra-clases-pero-si-transporte"],"jetpack_publicize_connections":[],"jetpack_featured_media_url":"https:\/\/armstrongyregion.com.ar\/diario\/wp-content\/uploads\/2018\/06\/paro33.jpg_1305449671.jpg","jetpack_shortlink":"https:\/\/wp.me\/p62QDO-4yV","jetpack_sharing_enabled":true,"amp_enabled":true,"_links":{"self":[{"href":"https:\/\/armstrongyregion.com.ar\/diario\/wp-json\/wp\/v2\/posts\/17541","targetHints":{"allow":["GET"]}}],"collection":[{"href":"https:\/\/armstrongyregion.com.ar\/diario\/wp-json\/wp\/v2\/posts"}],"about":[{"href":"https:\/\/armstrongyregion.com.ar\/diario\/wp-json\/wp\/v2\/types\/post"}],"author":[{"embeddable":true,"href":"https:\/\/armstrongyregion.com.ar\/diario\/wp-json\/wp\/v2\/users\/1"}],"replies":[{"embeddable":true,"href":"https:\/\/armstrongyregion.com.ar\/diario\/wp-json\/wp\/v2\/comments?post=17541"}],"version-history":[{"count":0,"href":"https:\/\/armstrongyregion.com.ar\/diario\/wp-json\/wp\/v2\/posts\/17541\/revisions"}],"wp:featuredmedia":[{"embeddable":true,"href":"https:\/\/armstrongyregion.com.ar\/diario\/wp-json\/wp\/v2\/media\/17542"}],"wp:attachment":[{"href":"https:\/\/armstrongyregion.com.ar\/diario\/wp-json\/wp\/v2\/media?parent=17541"}],"wp:term":[{"taxonomy":"category","embeddable":true,"href":"https:\/\/armstrongyregion.com.ar\/diario\/wp-json\/wp\/v2\/categories?post=17541"},{"taxonomy":"post_tag","embeddable":true,"href":"https:\/\/armstrongyregion.com.ar\/diario\/wp-json\/wp\/v2\/tags?post=17541"}],"curies":[{"name":"wp","href":"https:\/\/api.w.org\/{rel}","templated":true}]}}