{"id":17535,"date":"2018-06-13T12:11:31","date_gmt":"2018-06-13T12:11:31","guid":{"rendered":"https:\/\/armstrongyregion.com.ar\/diario\/?p=17535"},"modified":"2018-06-13T12:11:31","modified_gmt":"2018-06-13T12:11:31","slug":"lifschitz-estamos-orgullosos-de-los-periodistas-que-tenemos-en-santa-fe","status":"publish","type":"post","link":"https:\/\/armstrongyregion.com.ar\/diario\/lifschitz-estamos-orgullosos-de-los-periodistas-que-tenemos-en-santa-fe\/","title":{"rendered":"Lifschitz: \u00abEstamos orgullosos de los periodistas que tenemos en Santa Fe\u00bb."},"content":{"rendered":"<p><a href=\"http:\/\/armstrongyregion.com.ar\/diario\/wp-content\/uploads\/2018\/06\/lifschitz-periodistas.jpeg\"><img loading=\"lazy\" decoding=\"async\" src=\"http:\/\/armstrongyregion.com.ar\/diario\/wp-content\/uploads\/2018\/06\/lifschitz-periodistas.jpeg\" alt=\"lifschitz-periodistas\" width=\"768\" height=\"519\" class=\"alignnone size-full wp-image-17536\" srcset=\"https:\/\/armstrongyregion.com.ar\/diario\/wp-content\/uploads\/2018\/06\/lifschitz-periodistas.jpeg 768w, https:\/\/armstrongyregion.com.ar\/diario\/wp-content\/uploads\/2018\/06\/lifschitz-periodistas-300x203.jpeg 300w\" sizes=\"auto, (max-width: 768px) 100vw, 768px\" \/><\/a>El gobernador salud\u00f3 a los trabajadores de prensa de la ciudad Santa Fe en el marco de la celebraci\u00f3n del D\u00eda del Periodista, que se conmemor\u00f3 el 7 de junio.<br \/>\nEl gobernador Miguel Lifschitz particip\u00f3 este lunes del brindis de agasajo a los trabajadores de prensa de la ciudad de Santa Fe en el marco de la celebraci\u00f3n del D\u00eda del Periodista, que se conmemor\u00f3 el pasado 7 de junio.<\/p>\n<p>\u00abEstamos orgullosos de los periodistas que tenemos en la provincia de Santa Fe. Si lo comparamos con los que vemos en otros lugares y espacios del pa\u00eds, no tenemos medios hegem\u00f3nicos. Hay una gran diversidad. Todos los medios est\u00e1n asociados al territorio, son medios locales o regionales, a\u00fan los m\u00e1s grandes. Ninguno abarca m\u00e1s que su zona m\u00e1s cercana de influencia y eso es una ventaja desde el punto de vista de diversidad de fuentes. Es importante tener una buena prensa en todo el territorio y esto nos obliga a tener una gesti\u00f3n y una presencia permanente en todos los departamentos de la provincia\u00bb, explic\u00f3 Lifschitz.<\/p>\n<p>\u00abTampoco hay medios oficialistas u opositores, hay algunos m\u00e1s o menos cr\u00edticos pero en general hay un gran equilibrio en la prensa de la provincia. Esto tambi\u00e9n habla bien de la prensa, de los periodistas y de los medios y, de alguna manera, del universo de la pol\u00edtica, que ha sido respetuoso de los medios de comunicaci\u00f3n\u00bb, concluy\u00f3 el gobernador.<\/p>\n<p>Por su parte, el secretario provincial de Comunicaci\u00f3n Social, Horacio R\u00edos, afirm\u00f3 que \u00abpara nosotros este encuentro es muy significativo, es uno de los momentos donde compartimos desde lo institucional y desde lo profesional una especie de gran abrazo de acercamiento y agradecimiento con ustedes. No son momentos muy florecientes, tenemos una cantidad muy importante de medios y de compa\u00f1eros peleando por sus puestos de trabajo, reclamando, y esta es una forma de estar juntos y acompa\u00f1\u00e1ndolos en su d\u00eda\u201d.<\/p>\n<p>PRESENTES<br \/>\nDurante la actividad, llevada a cabo en el Sal\u00f3n Blanco de Casa de Gobierno, tambi\u00e9n estuvieron presentes los ministros de Gobierno y Reforma del Estado, Pablo Far\u00edas; de Infraestructura y Transporte, Jos\u00e9 Garibay; de Seguridad, Maximiliano Pullaro; de Desarrollo Social, Jorge Alvarez; de Trabajo y Seguridad Social, Julio Genesini; de Medio Ambiente, Jacinto Speranza; y de Innovaci\u00f3n y Cultura, Mar\u00eda de los \u00c1ngeles Gonz\u00e1lez; el senador Miguel Gonz\u00e1lez; el concejal Emilio Jat\u00f3n; el presidente de la Caja de Asistencia Social &#8211; Loter\u00eda de Santa Fe, \u00c1lvaro Gaviola; entre otras autoridades.<\/p>\n","protected":false},"excerpt":{"rendered":"<p>El gobernador salud\u00f3 a los trabajadores de prensa de la ciudad Santa Fe en el marco de la celebraci\u00f3n del D\u00eda del Periodista, que se conmemor\u00f3 el 7 de junio. El gobernador Miguel Lifschitz particip\u00f3 este lunes del brindis de agasajo a los trabajadores de prensa de la ciudad de Santa Fe en el marco <a href=\"https:\/\/armstrongyregion.com.ar\/diario\/lifschitz-estamos-orgullosos-de-los-periodistas-que-tenemos-en-santa-fe\/\" title=\"Read more\" >&#8230;<\/a><\/p>\n","protected":false},"author":1,"featured_media":17536,"comment_status":"open","ping_status":"open","sticky":false,"template":"","format":"standard","meta":{"_jetpack_memberships_contains_paid_content":false,"footnotes":"","jetpack_publicize_message":"","jetpack_publicize_feature_enabled":true,"jetpack_social_post_already_shared":false,"jetpack_social_options":{"image_generator_settings":{"template":"highway","default_image_id":0,"enabled":false},"version":2}},"categories":[8,1,2,3],"tags":[6812],"class_list":["post-17535","post","type-post","status-publish","format-standard","has-post-thumbnail","hentry","category-deliberando","category-diario-armstrong","category-locales","category-region","tag-lifschitz-estamos-orgullosos-de-los-periodistas-que-tenemos-en-santa-fe"],"jetpack_publicize_connections":[],"jetpack_featured_media_url":"https:\/\/armstrongyregion.com.ar\/diario\/wp-content\/uploads\/2018\/06\/lifschitz-periodistas.jpeg","jetpack_shortlink":"https:\/\/wp.me\/p62QDO-4yP","jetpack_sharing_enabled":true,"amp_enabled":true,"_links":{"self":[{"href":"https:\/\/armstrongyregion.com.ar\/diario\/wp-json\/wp\/v2\/posts\/17535","targetHints":{"allow":["GET"]}}],"collection":[{"href":"https:\/\/armstrongyregion.com.ar\/diario\/wp-json\/wp\/v2\/posts"}],"about":[{"href":"https:\/\/armstrongyregion.com.ar\/diario\/wp-json\/wp\/v2\/types\/post"}],"author":[{"embeddable":true,"href":"https:\/\/armstrongyregion.com.ar\/diario\/wp-json\/wp\/v2\/users\/1"}],"replies":[{"embeddable":true,"href":"https:\/\/armstrongyregion.com.ar\/diario\/wp-json\/wp\/v2\/comments?post=17535"}],"version-history":[{"count":0,"href":"https:\/\/armstrongyregion.com.ar\/diario\/wp-json\/wp\/v2\/posts\/17535\/revisions"}],"wp:featuredmedia":[{"embeddable":true,"href":"https:\/\/armstrongyregion.com.ar\/diario\/wp-json\/wp\/v2\/media\/17536"}],"wp:attachment":[{"href":"https:\/\/armstrongyregion.com.ar\/diario\/wp-json\/wp\/v2\/media?parent=17535"}],"wp:term":[{"taxonomy":"category","embeddable":true,"href":"https:\/\/armstrongyregion.com.ar\/diario\/wp-json\/wp\/v2\/categories?post=17535"},{"taxonomy":"post_tag","embeddable":true,"href":"https:\/\/armstrongyregion.com.ar\/diario\/wp-json\/wp\/v2\/tags?post=17535"}],"curies":[{"name":"wp","href":"https:\/\/api.w.org\/{rel}","templated":true}]}}