{"id":17532,"date":"2018-06-12T22:46:00","date_gmt":"2018-06-12T22:46:00","guid":{"rendered":"https:\/\/armstrongyregion.com.ar\/diario\/?p=17532"},"modified":"2018-06-12T22:46:00","modified_gmt":"2018-06-12T22:46:00","slug":"la-cgt-anuncio-un-paro-general-de-24-horas-para-fin-de-mes","status":"publish","type":"post","link":"https:\/\/armstrongyregion.com.ar\/diario\/la-cgt-anuncio-un-paro-general-de-24-horas-para-fin-de-mes\/","title":{"rendered":"La CGT anunci\u00f3 un paro general de 24 horas para fin de mes."},"content":{"rendered":"<p><a href=\"http:\/\/armstrongyregion.com.ar\/diario\/wp-content\/uploads\/2018\/06\/cgt.jpg_1305449671.jpg\"><img loading=\"lazy\" decoding=\"async\" src=\"http:\/\/armstrongyregion.com.ar\/diario\/wp-content\/uploads\/2018\/06\/cgt.jpg_1305449671.jpg\" alt=\"cgt.jpg_1305449671\" width=\"847\" height=\"476\" class=\"alignnone size-full wp-image-17533\" srcset=\"https:\/\/armstrongyregion.com.ar\/diario\/wp-content\/uploads\/2018\/06\/cgt.jpg_1305449671.jpg 847w, https:\/\/armstrongyregion.com.ar\/diario\/wp-content\/uploads\/2018\/06\/cgt.jpg_1305449671-300x169.jpg 300w\" sizes=\"auto, (max-width: 847px) 100vw, 847px\" \/><\/a>La Confederaci\u00f3n General del Trabajo (CGT) anunci\u00f3 este martes un paro general nacional de 24 horas para el pr\u00f3ximo lunes 25 de junio, sin movilizaci\u00f3n, por reclamos salariales y en repudio a la pol\u00edtica econ\u00f3mica del gobierno.<\/p>\n<p>La huelga fue lanzada por el triunvirato de la central obrera durante una conferencia de prensa realizda a media tarde, luego de no concurrir, al mediod\u00eda, al Ministerio de Trabajo para reunirse con su titular, Jorge Triaca, y el vicejefe de Gabinete, Mario Quintana, para escuchar las respuestas gubernamentales a cinco puntos que se reclaman.<\/p>\n<p>La decisi\u00f3n, esgrimieron, se tom\u00f3 \u00abluego de un profundo debate, habiendo insistido frente a las autoridades del gobierno nacional sobre la necesidad de efectuar cambios en el rumbo de la pol\u00edtica econ\u00f3mica, luego de advertir sobre los efectos sociales del brutal ajuste y no haber recibido respuestas adecuadas a los reclamos\u00bb.<\/p>\n<p>Enumeraron como negativos \u00abel veto a la rebaja de tarifas aprobado por el Congreso Nacional, el anunciado acuerdo con el FMI, sus consecuencias sobre el empleo, la obra p\u00fablica, los sistemas de Seguridad Social, las econom\u00edas regionales y los servicios p\u00fablicos\u00bb.<\/p>\n<p>En el comunicado, el Concejo Directivo sindical agreg\u00f3: \u00abNo vamos a permitir que el ajuste lo hagan otra vez los que menos tienen, los trabajadores ocupados y desocupados, los jubilados y los sectores m\u00e1s vulnerables, que ya viven en condiciones sociales extremadamente precarias. No vamos a tolerar que se insista en ajustar m\u00e1s la econom\u00eda social en busca de un equilibrio fiscal. Los n\u00fameros deben cerrar con los trabajadores adentro\u00bb.<\/p>\n<p>Finalmente, la CGT expres\u00f3 su acompa\u00f1amiento al proyecto del senador Miguel \u00c1ngel Pichetto para excluir del impuesto a las ganancias el medio aguinaldo, \u00abun paliativo importante para las econom\u00edas de los trabajadores bajo relaci\u00f3n de dependencia\u00bb.<\/p>\n<p>El faltazo ante Triaca, la primera se\u00f1al<\/p>\n<p>Desde el entorno sindical aseguraron temprano que crec\u00eda la posibilidad de lanzar un \u201cparo general\u201d y que ser\u00eda \u201cantes de fin de mes\u201d.<\/p>\n<p>El encuentro con Triaca estaba pautado para las 12 pero minutos antes fue cancelado por \u00abdisidencias internas en la CGT\u00bb, seg\u00fan informaron a T\u00e9lam fuentes oficiales. Pero desde el sector gremial se dijo que no concurrieron porque ya sab\u00edan que \u00abno habr\u00eda respuestas\u00bb a sus reclamos.<\/p>\n<p>La decisi\u00f3n del faltazo cegetista se adopt\u00f3 durante una reuni\u00f3n de la mesa chica de la central obrera que se llev\u00f3 a a cabo desde las 10 en la sede de la Uni\u00f3n Personal Civil de la Naci\u00f3n (UPCN), donde los dirigentes Juan Carlos Schmid, Carlos Frigerio y Jorge Sola se manifestaron por no ir a la cartera laboral, seg\u00fan comentaron a T\u00e9lam voceros gremiales.<\/p>\n<p>La mesa chica de la CGT est\u00e1 compuesta por los triunviros H\u00e9ctor Daer (sanidad), Schmid (dragado) y Carlos Acu\u00f1a (garages), Armando Cavalieri (comercio), Jos\u00e9 Luis Lingeri (Aguas), Andr\u00e9s Rodr\u00edguez (UPCN), Roberto Fern\u00e1ndez (UTA), Abel Frutos (panaderos), Jorge Sola (seguros), Omar Maturano (La Fraternidad) y Frigerio (cerveceros).<\/p>\n<p>Contra los despidos y por paritarias<\/p>\n<p>El petitorio elevado la semana pasada al gobierno nacional incluye \u00abuna norma concreta que evite los despidos y suspensiones p\u00fablicas y privadas durante seis meses y la reapertura de las negociaciones paritarias ya cerradas y sin l\u00edmites\u00bb.<\/p>\n<p>Tambi\u00e9n exigen esa condici\u00f3n para las paritarias que a\u00fan se discuten; la eliminaci\u00f3n del impuesto a las ganancias sobre la cuarta categor\u00eda para abonar el aguinaldo de este mes; la devoluci\u00f3n de los fondos de gastos de salud de las obras sociales -para lo que ya habr\u00eda un principio de acuerdo- y la firma de un compromiso para que no se produzcan modificaciones en la Ley de Contrato de Trabajo (LCT).<br \/>\nRosario3.com<\/p>\n","protected":false},"excerpt":{"rendered":"<p>La Confederaci\u00f3n General del Trabajo (CGT) anunci\u00f3 este martes un paro general nacional de 24 horas para el pr\u00f3ximo lunes 25 de junio, sin movilizaci\u00f3n, por reclamos salariales y en repudio a la pol\u00edtica econ\u00f3mica del gobierno. La huelga fue lanzada por el triunvirato de la central obrera durante una conferencia de prensa realizda a <a href=\"https:\/\/armstrongyregion.com.ar\/diario\/la-cgt-anuncio-un-paro-general-de-24-horas-para-fin-de-mes\/\" title=\"Read more\" >&#8230;<\/a><\/p>\n","protected":false},"author":1,"featured_media":17533,"comment_status":"open","ping_status":"open","sticky":false,"template":"","format":"standard","meta":{"_jetpack_memberships_contains_paid_content":false,"footnotes":"","jetpack_publicize_message":"","jetpack_publicize_feature_enabled":true,"jetpack_social_post_already_shared":false,"jetpack_social_options":{"image_generator_settings":{"template":"highway","default_image_id":0,"enabled":false},"version":2}},"categories":[8,1,2,7,3],"tags":[6811],"class_list":["post-17532","post","type-post","status-publish","format-standard","has-post-thumbnail","hentry","category-deliberando","category-diario-armstrong","category-locales","category-politica","category-region","tag-la-cgt-anuncio-un-paro-general-de-24-horas-para-fin-de-mes"],"jetpack_publicize_connections":[],"jetpack_featured_media_url":"https:\/\/armstrongyregion.com.ar\/diario\/wp-content\/uploads\/2018\/06\/cgt.jpg_1305449671.jpg","jetpack_shortlink":"https:\/\/wp.me\/p62QDO-4yM","jetpack_sharing_enabled":true,"amp_enabled":true,"_links":{"self":[{"href":"https:\/\/armstrongyregion.com.ar\/diario\/wp-json\/wp\/v2\/posts\/17532","targetHints":{"allow":["GET"]}}],"collection":[{"href":"https:\/\/armstrongyregion.com.ar\/diario\/wp-json\/wp\/v2\/posts"}],"about":[{"href":"https:\/\/armstrongyregion.com.ar\/diario\/wp-json\/wp\/v2\/types\/post"}],"author":[{"embeddable":true,"href":"https:\/\/armstrongyregion.com.ar\/diario\/wp-json\/wp\/v2\/users\/1"}],"replies":[{"embeddable":true,"href":"https:\/\/armstrongyregion.com.ar\/diario\/wp-json\/wp\/v2\/comments?post=17532"}],"version-history":[{"count":0,"href":"https:\/\/armstrongyregion.com.ar\/diario\/wp-json\/wp\/v2\/posts\/17532\/revisions"}],"wp:featuredmedia":[{"embeddable":true,"href":"https:\/\/armstrongyregion.com.ar\/diario\/wp-json\/wp\/v2\/media\/17533"}],"wp:attachment":[{"href":"https:\/\/armstrongyregion.com.ar\/diario\/wp-json\/wp\/v2\/media?parent=17532"}],"wp:term":[{"taxonomy":"category","embeddable":true,"href":"https:\/\/armstrongyregion.com.ar\/diario\/wp-json\/wp\/v2\/categories?post=17532"},{"taxonomy":"post_tag","embeddable":true,"href":"https:\/\/armstrongyregion.com.ar\/diario\/wp-json\/wp\/v2\/tags?post=17532"}],"curies":[{"name":"wp","href":"https:\/\/api.w.org\/{rel}","templated":true}]}}