{"id":17520,"date":"2018-06-11T15:27:24","date_gmt":"2018-06-11T15:27:24","guid":{"rendered":"https:\/\/armstrongyregion.com.ar\/diario\/?p=17520"},"modified":"2018-06-11T15:33:25","modified_gmt":"2018-06-11T15:33:25","slug":"silvina-frana-y-el-aborto-no-voy-a-acompanar-el-proyecto","status":"publish","type":"post","link":"https:\/\/armstrongyregion.com.ar\/diario\/silvina-frana-y-el-aborto-no-voy-a-acompanar-el-proyecto\/","title":{"rendered":"Silvina Frana y el aborto: \u201cNo voy a acompa\u00f1ar el proyecto\u00bb."},"content":{"rendered":"<p><a href=\"http:\/\/armstrongyregion.com.ar\/diario\/wp-content\/uploads\/2018\/06\/Frana-.jpg\"><img loading=\"lazy\" decoding=\"async\" src=\"http:\/\/armstrongyregion.com.ar\/diario\/wp-content\/uploads\/2018\/06\/Frana-.jpg\" alt=\"Frana-\" width=\"768\" height=\"438\" class=\"alignnone size-full wp-image-17521\" srcset=\"https:\/\/armstrongyregion.com.ar\/diario\/wp-content\/uploads\/2018\/06\/Frana-.jpg 768w, https:\/\/armstrongyregion.com.ar\/diario\/wp-content\/uploads\/2018\/06\/Frana--300x171.jpg 300w\" sizes=\"auto, (max-width: 768px) 100vw, 768px\" \/><\/a>Ruben Montapponi  referente pol\u00edtico local junto la Dip. Nacional Silvina Frana del partido Justicialista, estuvieron recorriendo la regi\u00f3n,  esta ma\u00f1ana  fueron a  Cable Imagen Armstrong y en dialogo con los periodistas, dejaron  su posicionamiento sobre la votaci\u00f3n del d\u00eda mi\u00e9rcoles  en el Congreso Nacional de algo tan importante como la Defensa de las dos vidas con el proyecto de \u201cDespenalizaci\u00f3n del Aborto\u201d.<br \/>\nLa diputada nacional se refiri\u00f3 al proyecto de ley sobre la despenalizaci\u00f3n del aborto. En este sentido, expres\u00f3 que \u201ces un debate dif\u00edcil; por un lado est\u00e1n los ni\u00f1os por nacer, aunque tampoco podemos desconocer que hay abortos clandestinos\u201d. Adem\u00e1s, consider\u00f3 que en Argentina \u201cno existen pol\u00edticas de salud con una inversi\u00f3n fuerte en educaci\u00f3n sexual\u201d.<br \/>\nAl respecto, manifest\u00f3 que \u201ces un debate dif\u00edcil, que atraviesa situaciones particulares dolorosas, pero mientras haya seres humanos por nacer, el Estado tiene que invertir para salvar la vida de las dos personas\u201d. En esta misma l\u00ednea, a\u00f1adi\u00f3: \u201cno voy a acompa\u00f1ar este proyecto, o por lo menos as\u00ed como est\u00e1 planteado, el Estado tiene que invertir para salvar las dos vidas\u201d.<br \/>\nPor otra parte, Frana aleg\u00f3 que \u201cel primer derecho humano es la vida, aunque sabe de la situaci\u00f3n de vulnerabilidad de algunas mujeres; por un lado est\u00e1n los ni\u00f1os por nacer, aunque tampoco podemos desconocer que hay abortos clandestinos\u201d.<br \/>\nEn consecuencia, adujo que \u201clas pr\u00e1cticas abortivas no deber\u00edan ser generalizadas. Lamentablemente, y seg\u00fan las estad\u00edsticas de otros pa\u00edses en donde se legaliz\u00f3, los resultados demuestran que el aborto es una pr\u00e1ctica anticonceptiva m\u00e1s\u201d.<br \/>\nPara Frana, \u201chay que apostar a pol\u00edticas p\u00fablicas serias, gastar lo que haya que gastar en educaci\u00f3n sexual\u201d, espet\u00f3.<br \/>\nFuente: Hernan Corradini de Actualidad Informativa.<br \/>\nCable Imagen Armstrong.<\/p>\n","protected":false},"excerpt":{"rendered":"<p>Ruben Montapponi referente pol\u00edtico local junto la Dip. Nacional Silvina Frana del partido Justicialista, estuvieron recorriendo la regi\u00f3n, esta ma\u00f1ana fueron a Cable Imagen Armstrong y en dialogo con los periodistas, dejaron su posicionamiento sobre la votaci\u00f3n del d\u00eda mi\u00e9rcoles en el Congreso Nacional de algo tan importante como la Defensa de las dos vidas <a href=\"https:\/\/armstrongyregion.com.ar\/diario\/silvina-frana-y-el-aborto-no-voy-a-acompanar-el-proyecto\/\" title=\"Read more\" >&#8230;<\/a><\/p>\n","protected":false},"author":1,"featured_media":17521,"comment_status":"open","ping_status":"open","sticky":false,"template":"","format":"standard","meta":{"_jetpack_memberships_contains_paid_content":false,"footnotes":"","jetpack_publicize_message":"","jetpack_publicize_feature_enabled":true,"jetpack_social_post_already_shared":false,"jetpack_social_options":{"image_generator_settings":{"template":"highway","default_image_id":0,"enabled":false},"version":2}},"categories":[8,1,2,7,3],"tags":[6808],"class_list":["post-17520","post","type-post","status-publish","format-standard","has-post-thumbnail","hentry","category-deliberando","category-diario-armstrong","category-locales","category-politica","category-region","tag-silvina-frana-y-el-aborto-no-voy-a-acompanar-el-proyecto"],"jetpack_publicize_connections":[],"jetpack_featured_media_url":"https:\/\/armstrongyregion.com.ar\/diario\/wp-content\/uploads\/2018\/06\/Frana-.jpg","jetpack_shortlink":"https:\/\/wp.me\/p62QDO-4yA","jetpack_sharing_enabled":true,"amp_enabled":true,"_links":{"self":[{"href":"https:\/\/armstrongyregion.com.ar\/diario\/wp-json\/wp\/v2\/posts\/17520","targetHints":{"allow":["GET"]}}],"collection":[{"href":"https:\/\/armstrongyregion.com.ar\/diario\/wp-json\/wp\/v2\/posts"}],"about":[{"href":"https:\/\/armstrongyregion.com.ar\/diario\/wp-json\/wp\/v2\/types\/post"}],"author":[{"embeddable":true,"href":"https:\/\/armstrongyregion.com.ar\/diario\/wp-json\/wp\/v2\/users\/1"}],"replies":[{"embeddable":true,"href":"https:\/\/armstrongyregion.com.ar\/diario\/wp-json\/wp\/v2\/comments?post=17520"}],"version-history":[{"count":0,"href":"https:\/\/armstrongyregion.com.ar\/diario\/wp-json\/wp\/v2\/posts\/17520\/revisions"}],"wp:featuredmedia":[{"embeddable":true,"href":"https:\/\/armstrongyregion.com.ar\/diario\/wp-json\/wp\/v2\/media\/17521"}],"wp:attachment":[{"href":"https:\/\/armstrongyregion.com.ar\/diario\/wp-json\/wp\/v2\/media?parent=17520"}],"wp:term":[{"taxonomy":"category","embeddable":true,"href":"https:\/\/armstrongyregion.com.ar\/diario\/wp-json\/wp\/v2\/categories?post=17520"},{"taxonomy":"post_tag","embeddable":true,"href":"https:\/\/armstrongyregion.com.ar\/diario\/wp-json\/wp\/v2\/tags?post=17520"}],"curies":[{"name":"wp","href":"https:\/\/api.w.org\/{rel}","templated":true}]}}