{"id":17517,"date":"2018-06-11T14:50:30","date_gmt":"2018-06-11T14:50:30","guid":{"rendered":"https:\/\/armstrongyregion.com.ar\/diario\/?p=17517"},"modified":"2018-06-11T14:50:30","modified_gmt":"2018-06-11T14:50:30","slug":"paro-y-desobligacion-una-semana-casi-sin-actividad-en-la-unr","status":"publish","type":"post","link":"https:\/\/armstrongyregion.com.ar\/diario\/paro-y-desobligacion-una-semana-casi-sin-actividad-en-la-unr\/","title":{"rendered":"Paro y desobligaci\u00f3n: una semana casi sin actividad en la UNR."},"content":{"rendered":"<p><a href=\"http:\/\/armstrongyregion.com.ar\/diario\/wp-content\/uploads\/2018\/06\/coad.jpg_1305449671.jpg\"><img loading=\"lazy\" decoding=\"async\" src=\"http:\/\/armstrongyregion.com.ar\/diario\/wp-content\/uploads\/2018\/06\/coad.jpg_1305449671.jpg\" alt=\"coad.jpg_1305449671\" width=\"847\" height=\"476\" class=\"alignnone size-full wp-image-17518\" srcset=\"https:\/\/armstrongyregion.com.ar\/diario\/wp-content\/uploads\/2018\/06\/coad.jpg_1305449671.jpg 847w, https:\/\/armstrongyregion.com.ar\/diario\/wp-content\/uploads\/2018\/06\/coad.jpg_1305449671-300x169.jpg 300w\" sizes=\"auto, (max-width: 847px) 100vw, 847px\" \/><\/a>Ser\u00e1n este lunes 11, martes 12, jueves 14 y viernes 15, en adhesi\u00f3n a la medida de fuerza nacional en reclamo de mejoras salariales. Adem\u00e1s, el mi\u00e9rcoles habr\u00e1 desobligaci\u00f3n para seguir el debate por la despenalizaci\u00f3n del aborto.<br \/>\nLos docentes de la Universidad Nacional de Rosario (UNR) nucleados en Coad har\u00e1n tres d\u00edas de paro esta semana en reclamo de un aumento salarial al gobierno. La medida de fuerza se llevar\u00e1 a cabo este lunes 11 de junio, el martes 12 y el viernes 15. Adem\u00e1s habr\u00e1 desobligaci\u00f3n para participar del seguimiento del debate por el aborto legal en el Congreso.<\/p>\n<p>El paro se realizar\u00e1 los d\u00edas lunes 11, martes 12, jueves 14 y viernes 15 de junio. En tanto, el mi\u00e9rcoles 13 de junio desobligar\u00e1n a los docentes que quieran seguir el debate en el Congreso Nacional sobre la ley de aborto.<\/p>\n<p>Ese d\u00eda habr\u00e1 una pantalla gigante en la Facultad de Humanidades donde alumnos y docentes que lo deseen podr\u00e1n seguir la discusi\u00f3n parlamentaria.<\/p>\n<p>Finalmente, la Coad inform\u00f3 que el viernes 15 de junio habr\u00e1 un acto frente a la sede de Gobierno de la UNR de Maip\u00fa 1065 con clases p\u00fablicas y un debate de la reforma universitaria.<\/p>\n<p>Duelo en Humanidades este lunes<\/p>\n<p>La Facultad de Humanidades y Artes inform\u00f3 este domingo el fallecimiento de Fernando Prieto, decano normalizador de la casa de esa unidad acad\u00e9mica de la Universidad Nacional de Rosario.<\/p>\n<p>Las autoridades de la Facultad de Humanidades y Artes expresaron su acompa\u00f1amiento a la familia, amigos y colegas. Adem\u00e1s, en se\u00f1al de respeto, se inform\u00f3 que la casa de estudios permanecer\u00e1 cerrada este lunes.<br \/>\nRosario3.com<\/p>\n","protected":false},"excerpt":{"rendered":"<p>Ser\u00e1n este lunes 11, martes 12, jueves 14 y viernes 15, en adhesi\u00f3n a la medida de fuerza nacional en reclamo de mejoras salariales. Adem\u00e1s, el mi\u00e9rcoles habr\u00e1 desobligaci\u00f3n para seguir el debate por la despenalizaci\u00f3n del aborto. Los docentes de la Universidad Nacional de Rosario (UNR) nucleados en Coad har\u00e1n tres d\u00edas de paro <a href=\"https:\/\/armstrongyregion.com.ar\/diario\/paro-y-desobligacion-una-semana-casi-sin-actividad-en-la-unr\/\" title=\"Read more\" >&#8230;<\/a><\/p>\n","protected":false},"author":1,"featured_media":17518,"comment_status":"open","ping_status":"open","sticky":false,"template":"","format":"standard","meta":{"_jetpack_memberships_contains_paid_content":false,"footnotes":"","jetpack_publicize_message":"","jetpack_publicize_feature_enabled":true,"jetpack_social_post_already_shared":false,"jetpack_social_options":{"image_generator_settings":{"template":"highway","default_image_id":0,"enabled":false},"version":2}},"categories":[6,8,1,2,3],"tags":[6807],"class_list":["post-17517","post","type-post","status-publish","format-standard","has-post-thumbnail","hentry","category-cultura-entretenimiento","category-deliberando","category-diario-armstrong","category-locales","category-region","tag-paro-y-desobligacion-una-semana-casi-sin-actividad-en-la-unr"],"jetpack_publicize_connections":[],"jetpack_featured_media_url":"https:\/\/armstrongyregion.com.ar\/diario\/wp-content\/uploads\/2018\/06\/coad.jpg_1305449671.jpg","jetpack_shortlink":"https:\/\/wp.me\/p62QDO-4yx","jetpack_sharing_enabled":true,"amp_enabled":true,"_links":{"self":[{"href":"https:\/\/armstrongyregion.com.ar\/diario\/wp-json\/wp\/v2\/posts\/17517","targetHints":{"allow":["GET"]}}],"collection":[{"href":"https:\/\/armstrongyregion.com.ar\/diario\/wp-json\/wp\/v2\/posts"}],"about":[{"href":"https:\/\/armstrongyregion.com.ar\/diario\/wp-json\/wp\/v2\/types\/post"}],"author":[{"embeddable":true,"href":"https:\/\/armstrongyregion.com.ar\/diario\/wp-json\/wp\/v2\/users\/1"}],"replies":[{"embeddable":true,"href":"https:\/\/armstrongyregion.com.ar\/diario\/wp-json\/wp\/v2\/comments?post=17517"}],"version-history":[{"count":0,"href":"https:\/\/armstrongyregion.com.ar\/diario\/wp-json\/wp\/v2\/posts\/17517\/revisions"}],"wp:featuredmedia":[{"embeddable":true,"href":"https:\/\/armstrongyregion.com.ar\/diario\/wp-json\/wp\/v2\/media\/17518"}],"wp:attachment":[{"href":"https:\/\/armstrongyregion.com.ar\/diario\/wp-json\/wp\/v2\/media?parent=17517"}],"wp:term":[{"taxonomy":"category","embeddable":true,"href":"https:\/\/armstrongyregion.com.ar\/diario\/wp-json\/wp\/v2\/categories?post=17517"},{"taxonomy":"post_tag","embeddable":true,"href":"https:\/\/armstrongyregion.com.ar\/diario\/wp-json\/wp\/v2\/tags?post=17517"}],"curies":[{"name":"wp","href":"https:\/\/api.w.org\/{rel}","templated":true}]}}