{"id":1750,"date":"2015-04-14T18:29:32","date_gmt":"2015-04-14T18:29:32","guid":{"rendered":"https:\/\/armstrongyregion.com.ar\/diario\/?p=1750"},"modified":"2015-04-14T18:29:32","modified_gmt":"2015-04-14T18:29:32","slug":"comunicado-tribunal-electoral-de-la-provincia-de-santa-fe","status":"publish","type":"post","link":"https:\/\/armstrongyregion.com.ar\/diario\/comunicado-tribunal-electoral-de-la-provincia-de-santa-fe\/","title":{"rendered":"Comunicado Tribunal Electoral de la Provincia de Santa Fe."},"content":{"rendered":"<p><a href=\"http:\/\/armstrongyregion.com.ar\/diario\/wp-content\/uploads\/2015\/04\/elecciones.jpg\"><img loading=\"lazy\" decoding=\"async\" class=\"alignnone size-full wp-image-1751\" src=\"http:\/\/armstrongyregion.com.ar\/diario\/wp-content\/uploads\/2015\/04\/elecciones.jpg\" alt=\"elecciones\" width=\"237\" height=\"213\" \/><\/a>El Tribunal Electoral de la Provincia de Santa Fe, por intermedio de la Municipalidad de Armstrong, informa que se brindar\u00e1 capacitaci\u00f3n a Presidentes de mesa y Jefes de local Distrito Armstrong, para el acto eleccionario del pr\u00f3ximo domingo 19 de abril.<br \/>\nLa misma ser\u00e1 el mi\u00e9rcoles 15 de abril a las 10 y a las 16 hs. en el sal\u00f3n auditorio Delmo Dar\u00f3.<\/p>\n","protected":false},"excerpt":{"rendered":"<p>El Tribunal Electoral de la Provincia de Santa Fe, por intermedio de la Municipalidad de Armstrong, informa que se brindar\u00e1 capacitaci\u00f3n a Presidentes de mesa y Jefes de local Distrito Armstrong, para el acto eleccionario del pr\u00f3ximo domingo 19 de abril. La misma ser\u00e1 el mi\u00e9rcoles 15 de abril a las 10 y a las <a href=\"https:\/\/armstrongyregion.com.ar\/diario\/comunicado-tribunal-electoral-de-la-provincia-de-santa-fe\/\" title=\"Read more\" >&#8230;<\/a><\/p>\n","protected":false},"author":2,"featured_media":1751,"comment_status":"open","ping_status":"open","sticky":false,"template":"","format":"standard","meta":{"_jetpack_memberships_contains_paid_content":false,"footnotes":"","jetpack_publicize_message":"","jetpack_publicize_feature_enabled":true,"jetpack_social_post_already_shared":true,"jetpack_social_options":{"image_generator_settings":{"template":"highway","default_image_id":0,"enabled":false},"version":2}},"categories":[1,2,7],"tags":[1080,19,1215,77,31,565,399,1438],"class_list":["post-1750","post","type-post","status-publish","format-standard","has-post-thumbnail","hentry","category-diario-armstrong","category-locales","category-politica","tag-comunicado","tag-de","tag-electoral","tag-fe","tag-la","tag-provincia","tag-santa","tag-tribunal"],"jetpack_publicize_connections":[],"jetpack_featured_media_url":"https:\/\/armstrongyregion.com.ar\/diario\/wp-content\/uploads\/2015\/04\/elecciones.jpg","jetpack_shortlink":"https:\/\/wp.me\/p62QDO-se","jetpack_sharing_enabled":true,"amp_enabled":true,"_links":{"self":[{"href":"https:\/\/armstrongyregion.com.ar\/diario\/wp-json\/wp\/v2\/posts\/1750","targetHints":{"allow":["GET"]}}],"collection":[{"href":"https:\/\/armstrongyregion.com.ar\/diario\/wp-json\/wp\/v2\/posts"}],"about":[{"href":"https:\/\/armstrongyregion.com.ar\/diario\/wp-json\/wp\/v2\/types\/post"}],"author":[{"embeddable":true,"href":"https:\/\/armstrongyregion.com.ar\/diario\/wp-json\/wp\/v2\/users\/2"}],"replies":[{"embeddable":true,"href":"https:\/\/armstrongyregion.com.ar\/diario\/wp-json\/wp\/v2\/comments?post=1750"}],"version-history":[{"count":0,"href":"https:\/\/armstrongyregion.com.ar\/diario\/wp-json\/wp\/v2\/posts\/1750\/revisions"}],"wp:featuredmedia":[{"embeddable":true,"href":"https:\/\/armstrongyregion.com.ar\/diario\/wp-json\/wp\/v2\/media\/1751"}],"wp:attachment":[{"href":"https:\/\/armstrongyregion.com.ar\/diario\/wp-json\/wp\/v2\/media?parent=1750"}],"wp:term":[{"taxonomy":"category","embeddable":true,"href":"https:\/\/armstrongyregion.com.ar\/diario\/wp-json\/wp\/v2\/categories?post=1750"},{"taxonomy":"post_tag","embeddable":true,"href":"https:\/\/armstrongyregion.com.ar\/diario\/wp-json\/wp\/v2\/tags?post=1750"}],"curies":[{"name":"wp","href":"https:\/\/api.w.org\/{rel}","templated":true}]}}