{"id":17492,"date":"2018-06-09T15:25:09","date_gmt":"2018-06-09T15:25:09","guid":{"rendered":"https:\/\/armstrongyregion.com.ar\/diario\/?p=17492"},"modified":"2018-06-09T15:25:09","modified_gmt":"2018-06-09T15:25:09","slug":"fuerte-presencia-de-cordoba-en-agroactiva","status":"publish","type":"post","link":"https:\/\/armstrongyregion.com.ar\/diario\/fuerte-presencia-de-cordoba-en-agroactiva\/","title":{"rendered":"Fuerte presencia de C\u00f3rdoba en AgroActiva."},"content":{"rendered":"<p><a href=\"http:\/\/armstrongyregion.com.ar\/diario\/wp-content\/uploads\/2018\/06\/c\u00f3rdoba.jpg\"><img loading=\"lazy\" decoding=\"async\" src=\"http:\/\/armstrongyregion.com.ar\/diario\/wp-content\/uploads\/2018\/06\/c\u00f3rdoba-1024x509.jpg\" alt=\"c\u00f3rdoba\" width=\"800\" height=\"398\" class=\"alignnone size-large wp-image-17493\" srcset=\"https:\/\/armstrongyregion.com.ar\/diario\/wp-content\/uploads\/2018\/06\/c\u00f3rdoba.jpg 1024w, https:\/\/armstrongyregion.com.ar\/diario\/wp-content\/uploads\/2018\/06\/c\u00f3rdoba-300x149.jpg 300w\" sizes=\"auto, (max-width: 800px) 100vw, 800px\" \/><\/a>La Provincia participara de la mega muestra con un gran stand institucional coordinado por el Ministerio de Agricultura y Ganader\u00eda, del cual participan 21 peque\u00f1as y mediana empresas. Sergio Busso, ministro de Agricultura y Ganader\u00eda anunci\u00f3 el relanzamiento del programa de Buenas Pr\u00e1cticas Agropecuarias de la provincia para el ciclo 2018\/2019.<\/p>\n<p>El apoyo institucional de las provincias es un pilar fundamental en la federalizaci\u00f3n que desde hace 24 a\u00f1os caracteriza al esp\u00edritu de AgroActiva. C\u00f3rdoba participar\u00e1 de la exposici\u00f3n  con 21 empresas locales que se congregan en el gran stand que se instal\u00f3 en el predio de Armstrong.<\/p>\n<p>La coordinaci\u00f3n del espacio est\u00e1 a cargo del Gabinete Productivo, integrado por los ministerios de Agricultura y Ganader\u00eda; de Industria, Comercio y Miner\u00eda; y de Ciencia y Tecnolog\u00eda. Tiene un sector delimitado para la tecnolog\u00eda destinado a mostrar la potencia de las cadenas productivas que se desarrollan en la provincia. All\u00ed, el p\u00fablico puede conocer las acciones e iniciativas que desde C\u00f3rdoba se llevan adelante para estos sectores.<\/p>\n<p>Tambi\u00e9n estar\u00e1 presente el Banco de C\u00f3rdoba y el tr\u00e1iler de la Bolsa de Cereales, en el marco de las acciones de colaboraci\u00f3n rec\u00edproca que el Ministerio de Agricultura tiene con entidades del arco productivo.<\/p>\n<p>Sergio Busso, ministro de Agricultura y Ganader\u00eda de C\u00f3rdoba, recorri\u00f3 el predio de la mega muestra donde anunci\u00f3 que el pr\u00f3ximo lunes se relanzar\u00e1 el programa de Buenas Pr\u00e1cticas Agropecuarias de la provincia, para el ciclo 2018\/2019. Se har\u00e1 durante un acto que se llevar\u00e1 a cabo en el Centro C\u00edvico, sede de la gobernaci\u00f3n.<\/p>\n<p>\u201cCuando en 2017 el Gobernador decidi\u00f3 poner recursos (70 millones de pesos) en el presupuesto provincia para estimular e incentivar  al productor agropecuario a hacer las cosas bien en el campo, era todo un gran interrogante porque no sab\u00edamos c\u00f3mo iba a funcionar, pero luego de analizar c\u00f3mo ha sido el programa, estamos muy satisfechos porque m\u00e1s de 2.000 productores se han adherido\u201d, indic\u00f3 el funcionario.<\/p>\n<p>Busso, inform\u00f3 que para el per\u00edodo 2018\/2019 se invertir\u00e1n 100 millones de pesos con el objetivo es consolidad algunas pr\u00e1cticas como la rotaci\u00f3n y la conservaci\u00f3n de suelo; la implantaci\u00f3n de gram\u00edneas que hacen a la sustentabilidad, y otras que son nuevas que tratan de incentivar y estimular otro tipo de iniciativas.<\/p>\n","protected":false},"excerpt":{"rendered":"<p>La Provincia participara de la mega muestra con un gran stand institucional coordinado por el Ministerio de Agricultura y Ganader\u00eda, del cual participan 21 peque\u00f1as y mediana empresas. Sergio Busso, ministro de Agricultura y Ganader\u00eda anunci\u00f3 el relanzamiento del programa de Buenas Pr\u00e1cticas Agropecuarias de la provincia para el ciclo 2018\/2019. El apoyo institucional de <a href=\"https:\/\/armstrongyregion.com.ar\/diario\/fuerte-presencia-de-cordoba-en-agroactiva\/\" title=\"Read more\" >&#8230;<\/a><\/p>\n","protected":false},"author":1,"featured_media":17493,"comment_status":"open","ping_status":"open","sticky":false,"template":"","format":"standard","meta":{"_jetpack_memberships_contains_paid_content":false,"footnotes":"","jetpack_publicize_message":"","jetpack_publicize_feature_enabled":true,"jetpack_social_post_already_shared":false,"jetpack_social_options":{"image_generator_settings":{"template":"highway","default_image_id":0,"enabled":false},"version":2}},"categories":[8,1,2,3],"tags":[6798],"class_list":["post-17492","post","type-post","status-publish","format-standard","has-post-thumbnail","hentry","category-deliberando","category-diario-armstrong","category-locales","category-region","tag-fuerte-presencia-de-cordoba-en-agroactiva"],"jetpack_publicize_connections":[],"jetpack_featured_media_url":"https:\/\/armstrongyregion.com.ar\/diario\/wp-content\/uploads\/2018\/06\/c\u00f3rdoba.jpg","jetpack_shortlink":"https:\/\/wp.me\/p62QDO-4y8","jetpack_sharing_enabled":true,"amp_enabled":true,"_links":{"self":[{"href":"https:\/\/armstrongyregion.com.ar\/diario\/wp-json\/wp\/v2\/posts\/17492","targetHints":{"allow":["GET"]}}],"collection":[{"href":"https:\/\/armstrongyregion.com.ar\/diario\/wp-json\/wp\/v2\/posts"}],"about":[{"href":"https:\/\/armstrongyregion.com.ar\/diario\/wp-json\/wp\/v2\/types\/post"}],"author":[{"embeddable":true,"href":"https:\/\/armstrongyregion.com.ar\/diario\/wp-json\/wp\/v2\/users\/1"}],"replies":[{"embeddable":true,"href":"https:\/\/armstrongyregion.com.ar\/diario\/wp-json\/wp\/v2\/comments?post=17492"}],"version-history":[{"count":0,"href":"https:\/\/armstrongyregion.com.ar\/diario\/wp-json\/wp\/v2\/posts\/17492\/revisions"}],"wp:featuredmedia":[{"embeddable":true,"href":"https:\/\/armstrongyregion.com.ar\/diario\/wp-json\/wp\/v2\/media\/17493"}],"wp:attachment":[{"href":"https:\/\/armstrongyregion.com.ar\/diario\/wp-json\/wp\/v2\/media?parent=17492"}],"wp:term":[{"taxonomy":"category","embeddable":true,"href":"https:\/\/armstrongyregion.com.ar\/diario\/wp-json\/wp\/v2\/categories?post=17492"},{"taxonomy":"post_tag","embeddable":true,"href":"https:\/\/armstrongyregion.com.ar\/diario\/wp-json\/wp\/v2\/tags?post=17492"}],"curies":[{"name":"wp","href":"https:\/\/api.w.org\/{rel}","templated":true}]}}