{"id":17474,"date":"2018-06-08T13:56:49","date_gmt":"2018-06-08T13:56:49","guid":{"rendered":"https:\/\/armstrongyregion.com.ar\/diario\/?p=17474"},"modified":"2018-06-08T13:56:49","modified_gmt":"2018-06-08T13:56:49","slug":"canada-de-gomez-rasetto-aca-hay-calidad-de-vida-y-planificacion","status":"publish","type":"post","link":"https:\/\/armstrongyregion.com.ar\/diario\/canada-de-gomez-rasetto-aca-hay-calidad-de-vida-y-planificacion\/","title":{"rendered":"Ca\u00f1ada de G\u00f3mez. Rasetto: \u201caca hay calidad de vida y planificaci\u00f3n\u201d"},"content":{"rendered":"<p><a href=\"http:\/\/armstrongyregion.com.ar\/diario\/wp-content\/uploads\/2018\/06\/Rasetto-Osmosis-.jpg\"><img loading=\"lazy\" decoding=\"async\" src=\"http:\/\/armstrongyregion.com.ar\/diario\/wp-content\/uploads\/2018\/06\/Rasetto-Osmosis-.jpg\" alt=\"Rasetto-Osmosis-\" width=\"768\" height=\"465\" class=\"alignnone size-full wp-image-17475\" srcset=\"https:\/\/armstrongyregion.com.ar\/diario\/wp-content\/uploads\/2018\/06\/Rasetto-Osmosis-.jpg 768w, https:\/\/armstrongyregion.com.ar\/diario\/wp-content\/uploads\/2018\/06\/Rasetto-Osmosis--300x182.jpg 300w\" sizes=\"auto, (max-width: 768px) 100vw, 768px\" \/><\/a>Esta ma\u00f1ana qued\u00f3 inaugurado el tercer m\u00f3dulo de \u00f3smosis inversa que \u2013sumado a los dos ya existentes- permitir\u00e1 incrementar la capacidad de potabilizaci\u00f3n de la planta de Aguas Santafesinas ubicada en el noroeste de la ciudad de Ca\u00f1ada de G\u00f3mez.<br \/>\nAl respecto Hugo Jes\u00fas Rasetto remarc\u00f3 y agradeci\u00f3 la \u00abfuerte e hist\u00f3rica inversi\u00f3n en obras que lleva adelante el gobierno de Lifschitz\u00bb y destac\u00f3 la ampliaci\u00f3n mediante el tercer m\u00f3dulo de la planta ya que en ella hay \u201ccalidad de vida, hay planificar y pensar en futuro a partir de la calidad de vida que le estamos dando a nuestros j\u00f3venes\u201d. Por \u00faltimo agreg\u00f3 que \u201cuna de las cosas importantes para mejorar la sociedad en que vivimos es lograr una buena infancia, que se logra con buena alimentaci\u00f3n, buen agua potable y buen servicio de cloacas fundamentalmente, y en estos dos servicios la provincia est\u00e1 cada vez mas cerca de llegar al 100%  de cobertura en Ca\u00f1ada de G\u00f3mez\u201d.<br \/>\nDel acto participaron el Ministro de Infraestructura, Jose Garibay, el Senador Hugo Jes\u00fas Rasetto, el presidente de Aguas Santafesinas SA (Assa), Sebasti\u00e1n Bonet, el Gerente de ASSA Ca\u00f1ada de G\u00f3mez, Marcelo Ferrara, la Intendente, Stella Clerici y los concejales Luciano Travaglino y Franco Mazzoli entre otras autoridades.<\/p>\n","protected":false},"excerpt":{"rendered":"<p>Esta ma\u00f1ana qued\u00f3 inaugurado el tercer m\u00f3dulo de \u00f3smosis inversa que \u2013sumado a los dos ya existentes- permitir\u00e1 incrementar la capacidad de potabilizaci\u00f3n de la planta de Aguas Santafesinas ubicada en el noroeste de la ciudad de Ca\u00f1ada de G\u00f3mez. Al respecto Hugo Jes\u00fas Rasetto remarc\u00f3 y agradeci\u00f3 la \u00abfuerte e hist\u00f3rica inversi\u00f3n en obras <a href=\"https:\/\/armstrongyregion.com.ar\/diario\/canada-de-gomez-rasetto-aca-hay-calidad-de-vida-y-planificacion\/\" title=\"Read more\" >&#8230;<\/a><\/p>\n","protected":false},"author":1,"featured_media":17475,"comment_status":"open","ping_status":"open","sticky":false,"template":"","format":"standard","meta":{"_jetpack_memberships_contains_paid_content":false,"footnotes":"","jetpack_publicize_message":"","jetpack_publicize_feature_enabled":true,"jetpack_social_post_already_shared":false,"jetpack_social_options":{"image_generator_settings":{"template":"highway","default_image_id":0,"enabled":false},"version":2}},"categories":[8,1,7,3],"tags":[6792],"class_list":["post-17474","post","type-post","status-publish","format-standard","has-post-thumbnail","hentry","category-deliberando","category-diario-armstrong","category-politica","category-region","tag-canada-de-gomez-rasetto-aca-hay-calidad-de-vida-y-planificacion"],"jetpack_publicize_connections":[],"jetpack_featured_media_url":"https:\/\/armstrongyregion.com.ar\/diario\/wp-content\/uploads\/2018\/06\/Rasetto-Osmosis-.jpg","jetpack_shortlink":"https:\/\/wp.me\/p62QDO-4xQ","jetpack_sharing_enabled":true,"amp_enabled":true,"_links":{"self":[{"href":"https:\/\/armstrongyregion.com.ar\/diario\/wp-json\/wp\/v2\/posts\/17474","targetHints":{"allow":["GET"]}}],"collection":[{"href":"https:\/\/armstrongyregion.com.ar\/diario\/wp-json\/wp\/v2\/posts"}],"about":[{"href":"https:\/\/armstrongyregion.com.ar\/diario\/wp-json\/wp\/v2\/types\/post"}],"author":[{"embeddable":true,"href":"https:\/\/armstrongyregion.com.ar\/diario\/wp-json\/wp\/v2\/users\/1"}],"replies":[{"embeddable":true,"href":"https:\/\/armstrongyregion.com.ar\/diario\/wp-json\/wp\/v2\/comments?post=17474"}],"version-history":[{"count":0,"href":"https:\/\/armstrongyregion.com.ar\/diario\/wp-json\/wp\/v2\/posts\/17474\/revisions"}],"wp:featuredmedia":[{"embeddable":true,"href":"https:\/\/armstrongyregion.com.ar\/diario\/wp-json\/wp\/v2\/media\/17475"}],"wp:attachment":[{"href":"https:\/\/armstrongyregion.com.ar\/diario\/wp-json\/wp\/v2\/media?parent=17474"}],"wp:term":[{"taxonomy":"category","embeddable":true,"href":"https:\/\/armstrongyregion.com.ar\/diario\/wp-json\/wp\/v2\/categories?post=17474"},{"taxonomy":"post_tag","embeddable":true,"href":"https:\/\/armstrongyregion.com.ar\/diario\/wp-json\/wp\/v2\/tags?post=17474"}],"curies":[{"name":"wp","href":"https:\/\/api.w.org\/{rel}","templated":true}]}}