{"id":17465,"date":"2018-06-08T12:51:59","date_gmt":"2018-06-08T12:51:59","guid":{"rendered":"https:\/\/armstrongyregion.com.ar\/diario\/?p=17465"},"modified":"2018-06-08T12:51:59","modified_gmt":"2018-06-08T12:51:59","slug":"senadores-opositores-visitaron-a-agroactiva","status":"publish","type":"post","link":"https:\/\/armstrongyregion.com.ar\/diario\/senadores-opositores-visitaron-a-agroactiva\/","title":{"rendered":"Senadores opositores visitaron a AgroActiva."},"content":{"rendered":"<p><a href=\"http:\/\/armstrongyregion.com.ar\/diario\/wp-content\/uploads\/2018\/06\/senadores.jpg\"><img loading=\"lazy\" decoding=\"async\" src=\"http:\/\/armstrongyregion.com.ar\/diario\/wp-content\/uploads\/2018\/06\/senadores.jpg\" alt=\"senadores\" width=\"800\" height=\"411\" class=\"alignnone size-full wp-image-17466\" srcset=\"https:\/\/armstrongyregion.com.ar\/diario\/wp-content\/uploads\/2018\/06\/senadores.jpg 800w, https:\/\/armstrongyregion.com.ar\/diario\/wp-content\/uploads\/2018\/06\/senadores-300x154.jpg 300w\" sizes=\"auto, (max-width: 800px) 100vw, 800px\" \/><\/a>Los representantes de Santa Fe en la C\u00e1mara Alta nacional, Omar Perotti y Mar\u00eda de los \u00c1ngeles Sacnun, participaron del acto inaugural y en su recorrida por la mega muestra hicieron declaraciones a la prensa y se entrevistaron con expositores.<\/p>\n<p>El jueves se desarroll\u00f3 el acto inaugural de AgroActiva y participaron autoridades provinciales y municipales y legisladores representantes de distintos partidos pol\u00edticos.<\/p>\n<p>Los senadores opositores Omar Perotti y Mar\u00eda de los \u00c1ngeles Sacnun representan al peronismo santafesino han visitado la muestra para apoyar a los organizadores y estar en contacto con los expositores y productores agropecuarios que participan de la exposici\u00f3n.g<\/p>\n<p>El senador nacional, por la provincia de Santa Fe, Omar Perotti visita frecuentemente AgroActiva y en la edici\u00f3n 2018 particip\u00f3 del acto inaugural con las autoridades y recorri\u00f3 la muestra que se desarrolla hasta el s\u00e1bado 9 de junio en Armstrong.<\/p>\n<p>Perotti atendi\u00f3 a los medios de comunicaci\u00f3n encargados de la cobertura period\u00edstica de la mega muestra \u201cUno siempre que viene a AgroActiva tiene las mejores expectativas porque ha habido momentos duros; dif\u00edciles en los que la muestra ha estado siempre en los \u00faltimos 24 a\u00f1os. La hemos visto nacer en la provincia de Santa Fe. Es auspicioso ver como ha crecido y alcanzado este nivel de desarrollo. Uno siempre quiere acompa\u00f1ar aquellas iniciativas de las personas que trabajan y creen en lo productivo quiere estar cerca. El deseo es que este escenario permita un encuentro de productores y de expositores que exprese el futuro de los productores\u201d.<\/p>\n<p>El senador es parte de la oposici\u00f3n a nivel nacional y cuestiona el modelo econ\u00f3mico que no prioriza la producci\u00f3n. \u201cUno desea que el gobierno ordene esta situaci\u00f3n porque no se estaban dando las se\u00f1ales correctas al mercado productivo. La producci\u00f3n siente que con esta tasa no hay m\u00e1rgenes y no hab\u00eda perspectiva que eso cambie. Los argentinos no merecen volver a pasar por una crisis. El futuro lo veo con conflictividad porque los acuerdos con el Fondo Monetario son conocidos porque los programas que proponen son muy duros para la gente. Desde 2016 que planteamos un acuerdo del bicentenario que incluyeran como puntos a la industria nacional; las tarifas y otras cuestiones necesarias de un acuerdo plural, amplio y consensuado. Prefieron un acuerdo entre argentinos y no con el FMI\u201d.<\/p>\n<p>Mar\u00eda de los \u00c1ngeles Sacnun<\/p>\n<p>La senadora nacional por Santa Fe particip\u00f3 tambi\u00e9n del acto inaugural de AgroActiva 2018. La representante del Frente para la Victoria en la C\u00e1mara Alta no es la primera vez que visita la mega muestra y se mostr\u00f3 a gusto de recorrer el predio y estar en contacto con el p\u00fablico.<\/p>\n<p>Desde su banca de senadora ha presentado un proyecto para declarar a AgroActiva de inter\u00e9s la muestra. Sobre esta iniciativa, que ha sido promulgada por el senado nacional, declar\u00f3 sobre \u201cla importancia de AgroActiva para el sector agropecuario y para la econom\u00eda del pa\u00eds por el desarrollo y nivel tecnol\u00f3gico al que ha arribado el campo argentino. Pese a la crisis hay grandes oportunidades por delante y el productor argentino est\u00e1 preparado para estas oportunidades. Estoy presente y participando de AgroActiva para apoyar la muestra y tambi\u00e9n para dialogar con los expositores y productores que participan. Como productora agropecuaria conozco AgroActiva y se del avance al que uno puede acceder en la mega muestra\u201d.<\/p>\n","protected":false},"excerpt":{"rendered":"<p>Los representantes de Santa Fe en la C\u00e1mara Alta nacional, Omar Perotti y Mar\u00eda de los \u00c1ngeles Sacnun, participaron del acto inaugural y en su recorrida por la mega muestra hicieron declaraciones a la prensa y se entrevistaron con expositores. El jueves se desarroll\u00f3 el acto inaugural de AgroActiva y participaron autoridades provinciales y municipales <a href=\"https:\/\/armstrongyregion.com.ar\/diario\/senadores-opositores-visitaron-a-agroactiva\/\" title=\"Read more\" >&#8230;<\/a><\/p>\n","protected":false},"author":1,"featured_media":17466,"comment_status":"open","ping_status":"open","sticky":false,"template":"","format":"standard","meta":{"_jetpack_memberships_contains_paid_content":false,"footnotes":"","jetpack_publicize_message":"","jetpack_publicize_feature_enabled":true,"jetpack_social_post_already_shared":false,"jetpack_social_options":{"image_generator_settings":{"template":"highway","default_image_id":0,"enabled":false},"version":2}},"categories":[8,1,2,7,3],"tags":[6789],"class_list":["post-17465","post","type-post","status-publish","format-standard","has-post-thumbnail","hentry","category-deliberando","category-diario-armstrong","category-locales","category-politica","category-region","tag-senadores-opositores-visitaron-a-agroactiva"],"jetpack_publicize_connections":[],"jetpack_featured_media_url":"https:\/\/armstrongyregion.com.ar\/diario\/wp-content\/uploads\/2018\/06\/senadores.jpg","jetpack_shortlink":"https:\/\/wp.me\/p62QDO-4xH","jetpack_sharing_enabled":true,"amp_enabled":true,"_links":{"self":[{"href":"https:\/\/armstrongyregion.com.ar\/diario\/wp-json\/wp\/v2\/posts\/17465","targetHints":{"allow":["GET"]}}],"collection":[{"href":"https:\/\/armstrongyregion.com.ar\/diario\/wp-json\/wp\/v2\/posts"}],"about":[{"href":"https:\/\/armstrongyregion.com.ar\/diario\/wp-json\/wp\/v2\/types\/post"}],"author":[{"embeddable":true,"href":"https:\/\/armstrongyregion.com.ar\/diario\/wp-json\/wp\/v2\/users\/1"}],"replies":[{"embeddable":true,"href":"https:\/\/armstrongyregion.com.ar\/diario\/wp-json\/wp\/v2\/comments?post=17465"}],"version-history":[{"count":0,"href":"https:\/\/armstrongyregion.com.ar\/diario\/wp-json\/wp\/v2\/posts\/17465\/revisions"}],"wp:featuredmedia":[{"embeddable":true,"href":"https:\/\/armstrongyregion.com.ar\/diario\/wp-json\/wp\/v2\/media\/17466"}],"wp:attachment":[{"href":"https:\/\/armstrongyregion.com.ar\/diario\/wp-json\/wp\/v2\/media?parent=17465"}],"wp:term":[{"taxonomy":"category","embeddable":true,"href":"https:\/\/armstrongyregion.com.ar\/diario\/wp-json\/wp\/v2\/categories?post=17465"},{"taxonomy":"post_tag","embeddable":true,"href":"https:\/\/armstrongyregion.com.ar\/diario\/wp-json\/wp\/v2\/tags?post=17465"}],"curies":[{"name":"wp","href":"https:\/\/api.w.org\/{rel}","templated":true}]}}