{"id":17450,"date":"2018-06-07T02:21:51","date_gmt":"2018-06-07T02:21:51","guid":{"rendered":"https:\/\/armstrongyregion.com.ar\/diario\/?p=17450"},"modified":"2018-06-07T02:21:51","modified_gmt":"2018-06-07T02:21:51","slug":"buen-inicio-para-agroactiva-2018","status":"publish","type":"post","link":"https:\/\/armstrongyregion.com.ar\/diario\/buen-inicio-para-agroactiva-2018\/","title":{"rendered":"Buen inicio para AgroActiva 2018."},"content":{"rendered":"<p><a href=\"http:\/\/armstrongyregion.com.ar\/diario\/wp-content\/uploads\/2018\/06\/Agroactiva-dia-1-.jpg\"><img loading=\"lazy\" decoding=\"async\" src=\"http:\/\/armstrongyregion.com.ar\/diario\/wp-content\/uploads\/2018\/06\/Agroactiva-dia-1--1024x683.jpg\" alt=\"Agroactiva-dia-1-\" width=\"800\" height=\"534\" class=\"alignnone size-large wp-image-17451\" srcset=\"https:\/\/armstrongyregion.com.ar\/diario\/wp-content\/uploads\/2018\/06\/Agroactiva-dia-1--1024x683.jpg 1024w, https:\/\/armstrongyregion.com.ar\/diario\/wp-content\/uploads\/2018\/06\/Agroactiva-dia-1--300x200.jpg 300w\" sizes=\"auto, (max-width: 800px) 100vw, 800px\" \/><\/a>Gran cantidad de personas transitaron por la exposici\u00f3n en el d\u00eda inicial de la muestra. Hubo visitas destacadas, actividades din\u00e1micas y se presentaron maquinarias<\/p>\n<p>La primer jornada de AgroActiva estuvo signada por las visitas de personalidades destacadas, pero tambi\u00e9n por la fuerte actividad en el sector de din\u00e1mica, la inauguraci\u00f3n del espacio de aviaci\u00f3n agr\u00edcola y la presentaci\u00f3n de maquinaria.<\/p>\n<p> Nuevamente, como ocurre cada a\u00f1o, el p\u00fablico de todas las regiones del pa\u00eds se volc\u00f3 masivamente a la muestra a campo abierto m\u00e1s grande del sector agropecuario. Desde temprano y pese al fr\u00edo, que fue cediendo paso al sol a partir del mediod\u00eda, los visitantes comenzaron a pasar por el p\u00f3rtico de ingreso a la exposici\u00f3n y durante varias horas recorrieron las m\u00e1s de 80 manzanas que componen el sector de est\u00e1tica. Tambi\u00e9n las demostraciones din\u00e1micas tuvieron gente viendo los \u201cfierros\u201d a toda hora y las calles de la feria tuvieron buena cantidad de gente que transit\u00f3, alegre y en familia, los distintos espacios de capacitaci\u00f3n, entretenimiento y negocios que ofrece AgroActiva.<br \/>\nEntre las visitas, las m\u00e1s destacadas fueron las del expresidente de Federaci\u00f3n Agraria, Eduardo Buzzi, quien recorri\u00f3 la muestra durante varias horas y la del presidente del Banco Naci\u00f3n, Javier Gonz\u00e1lez Fraga, que estuvo en el stand de la entidad crediticia y analiz\u00f3 la actualidad econ\u00f3mica del pa\u00eds.<br \/>\nEn ganader\u00eda se culmin\u00f3 el ingreso de animales y ma\u00f1ana comenzar\u00e1 la actividad m\u00e1s intensamente. Habr\u00e1 juras y remates, que se sumar\u00e1n a la subasta televisada que hoy efectu\u00f3 el Rosgan.<br \/>\nComo corolario del d\u00eda, y dentro de las actividades \u201cextra campo\u201d que se llevan a cabo en AgroActiva los pilotos de TC Mat\u00edas Rossi, Tati Angelini y Nico Trosset visitaron el stand de la ACTC e interactuaron con el p\u00fablico presente.<\/p>\n","protected":false},"excerpt":{"rendered":"<p>Gran cantidad de personas transitaron por la exposici\u00f3n en el d\u00eda inicial de la muestra. Hubo visitas destacadas, actividades din\u00e1micas y se presentaron maquinarias La primer jornada de AgroActiva estuvo signada por las visitas de personalidades destacadas, pero tambi\u00e9n por la fuerte actividad en el sector de din\u00e1mica, la inauguraci\u00f3n del espacio de aviaci\u00f3n agr\u00edcola <a href=\"https:\/\/armstrongyregion.com.ar\/diario\/buen-inicio-para-agroactiva-2018\/\" title=\"Read more\" >&#8230;<\/a><\/p>\n","protected":false},"author":1,"featured_media":17451,"comment_status":"open","ping_status":"open","sticky":false,"template":"","format":"standard","meta":{"_jetpack_memberships_contains_paid_content":false,"footnotes":"","jetpack_publicize_message":"","jetpack_publicize_feature_enabled":true,"jetpack_social_post_already_shared":false,"jetpack_social_options":{"image_generator_settings":{"template":"highway","default_image_id":0,"enabled":false},"version":2}},"categories":[8,1,2819,2,3],"tags":[6785],"class_list":["post-17450","post","type-post","status-publish","format-standard","has-post-thumbnail","hentry","category-deliberando","category-diario-armstrong","category-el-pais","category-locales","category-region","tag-buen-inicio-para-agroactiva-2018"],"jetpack_publicize_connections":[],"jetpack_featured_media_url":"https:\/\/armstrongyregion.com.ar\/diario\/wp-content\/uploads\/2018\/06\/Agroactiva-dia-1-.jpg","jetpack_shortlink":"https:\/\/wp.me\/p62QDO-4xs","jetpack_sharing_enabled":true,"amp_enabled":true,"_links":{"self":[{"href":"https:\/\/armstrongyregion.com.ar\/diario\/wp-json\/wp\/v2\/posts\/17450","targetHints":{"allow":["GET"]}}],"collection":[{"href":"https:\/\/armstrongyregion.com.ar\/diario\/wp-json\/wp\/v2\/posts"}],"about":[{"href":"https:\/\/armstrongyregion.com.ar\/diario\/wp-json\/wp\/v2\/types\/post"}],"author":[{"embeddable":true,"href":"https:\/\/armstrongyregion.com.ar\/diario\/wp-json\/wp\/v2\/users\/1"}],"replies":[{"embeddable":true,"href":"https:\/\/armstrongyregion.com.ar\/diario\/wp-json\/wp\/v2\/comments?post=17450"}],"version-history":[{"count":0,"href":"https:\/\/armstrongyregion.com.ar\/diario\/wp-json\/wp\/v2\/posts\/17450\/revisions"}],"wp:featuredmedia":[{"embeddable":true,"href":"https:\/\/armstrongyregion.com.ar\/diario\/wp-json\/wp\/v2\/media\/17451"}],"wp:attachment":[{"href":"https:\/\/armstrongyregion.com.ar\/diario\/wp-json\/wp\/v2\/media?parent=17450"}],"wp:term":[{"taxonomy":"category","embeddable":true,"href":"https:\/\/armstrongyregion.com.ar\/diario\/wp-json\/wp\/v2\/categories?post=17450"},{"taxonomy":"post_tag","embeddable":true,"href":"https:\/\/armstrongyregion.com.ar\/diario\/wp-json\/wp\/v2\/tags?post=17450"}],"curies":[{"name":"wp","href":"https:\/\/api.w.org\/{rel}","templated":true}]}}