{"id":17444,"date":"2018-06-06T12:49:13","date_gmt":"2018-06-06T12:49:13","guid":{"rendered":"https:\/\/armstrongyregion.com.ar\/diario\/?p=17444"},"modified":"2018-06-06T12:49:13","modified_gmt":"2018-06-06T12:49:13","slug":"agroactiva-la-muestra-ya-toca-tierra-en-armstrong","status":"publish","type":"post","link":"https:\/\/armstrongyregion.com.ar\/diario\/agroactiva-la-muestra-ya-toca-tierra-en-armstrong\/","title":{"rendered":"AgroActiva. La Muestra ya toca tierra en Armstrong."},"content":{"rendered":"<p><a href=\"http:\/\/armstrongyregion.com.ar\/diario\/wp-content\/uploads\/2018\/06\/agroactiva-2018-.jpg\"><img loading=\"lazy\" decoding=\"async\" src=\"http:\/\/armstrongyregion.com.ar\/diario\/wp-content\/uploads\/2018\/06\/agroactiva-2018-.jpg\" alt=\"agroactiva-2018-\" width=\"768\" height=\"364\" class=\"alignnone size-full wp-image-17445\" srcset=\"https:\/\/armstrongyregion.com.ar\/diario\/wp-content\/uploads\/2018\/06\/agroactiva-2018-.jpg 768w, https:\/\/armstrongyregion.com.ar\/diario\/wp-content\/uploads\/2018\/06\/agroactiva-2018--300x142.jpg 300w\" sizes=\"auto, (max-width: 768px) 100vw, 768px\" \/><\/a>La muestra a campo abierto m\u00e1s grande de Am\u00e9rica llevar\u00e1 a cabo su 24\u00aa edici\u00f3n en el campo ubicado en el cruce de la autopista Rosario-C\u00f3rdoba y la ruta nacional N\u00ba 178. Ser\u00e1n cuatro d\u00edas de negocios, capacitaci\u00f3n y camarader\u00eda para el campo argentino<\/p>\n<p>AgroActiva ya est\u00e1 en marcha, la supermuestra toca tierra en Armstrong, en el campo ubicado en esta localidad del centro-oeste santafesino. El predio, emplazado espec\u00edficamente en el cruce de la autopista Rosario-C\u00f3rdoba y la ruta nacional N\u00ba 178  reunir\u00e1, entre hoy, mi\u00e9rcoles 6 y el s\u00e1bado 9 de junio, a todos los actores del sector m\u00e1s din\u00e1mico de la econom\u00eda nacional: el campo argentino.<\/p>\n<p>Este encuentro entre empresarios, productores, contratistas, ganaderos, tamberos, ingenieros, funcionarios y medios de prensa representar\u00e1 los cuatro d\u00edas m\u00e1s esperados para el sector agropecuario. En un a\u00f1o particular, con una campa\u00f1a agr\u00edcola muy compleja y un panorama nacional incierto, AgroActiva ser\u00e1 el b\u00e1lsamo de esperanza que una vez cada doce meses presenta gran variedad de atractivos y su coraz\u00f3n siempre humilde, chacarero y del interior.<br \/>\nLas expectativas son grandes tanto de los organizadores como de los expositores merced a que, m\u00e1s all\u00e1 del contexto actual, la feria lleva 24 ediciones de manera ininterrumpida y al igual que el pa\u00eds en general y que el sector en particular ha sabido sobrellevar situaciones de todo tipo en lo pol\u00edtico, lo econ\u00f3mico, lo clim\u00e1tico y lo social.<br \/>\nSiempre es esperada AgroActiva, por los empresarios para aprovechar la enorme vidriera que significa exhibirse ante miles y miles de visitantes del pa\u00eds y, cada vez m\u00e1s, del exterior. Tambi\u00e9n por los productores que encuentran en esta feria un lugar en el que se sienten identificados, incluidos y part\u00edcipes fundamentales del evento.<br \/>\nEn el campo, de unas 250 hect\u00e1reas y ubicado en una regi\u00f3n estrat\u00e9gica de la Pampa H\u00fameda, confluir\u00e1n los distintos rubros que forman parte de la cadena agroindustrial, con la presencia de fabricantes de maquinaria agr\u00edcola, automotrices, entidades financieras y aseguradoras, y una amplia gama de empresas proveedoras de bienes, insumos y servicios para el campo.<\/p>\n<p>Sin lugar a dudas los \u201cfierros\u201d en acci\u00f3n despiertan el mayor inter\u00e9s entre el p\u00fablico, que se cuenta de a miles, que llega cada a\u00f1o a la exposici\u00f3n en busca de actualizaci\u00f3n tecnol\u00f3gica para el manejo de sus campos.<\/p>\n<p>Otras actividades<br \/>\nAdem\u00e1s, los metalmec\u00e1nicos tienen la posibilidad de mostrar sus equipos en acci\u00f3n, funcionando en el campo en situaciones similares a las de los terrenos que trabajan los productores y contratistas que forman parte del p\u00fablico de la feria.<\/p>\n<p>En tanto, en el sector ganadero de la exposici\u00f3n reconocidas caba\u00f1as productoras de bovinos, porcinos, ovinos, caprinos y cam\u00e9lidos de Argentina muestran sus ejemplares que luego son rematados.<br \/>\nOtro de los aspectos fundamentales de esta feria mundial es la ronda internacional de negocios, donde se re\u00fanen operadores de diferentes pa\u00edses y fabricantes argentinos de maquinaria con el objeto de ampliar las v\u00edas comerciales.<br \/>\nTambi\u00e9n hay espacio en AgroActiva para la capacitaci\u00f3n, con disertaciones y paneles de inter\u00e9s para el productor agropecuario con temas de clima, mercados, cultivos y tecnolog\u00eda.<\/p>\n","protected":false},"excerpt":{"rendered":"<p>La muestra a campo abierto m\u00e1s grande de Am\u00e9rica llevar\u00e1 a cabo su 24\u00aa edici\u00f3n en el campo ubicado en el cruce de la autopista Rosario-C\u00f3rdoba y la ruta nacional N\u00ba 178. Ser\u00e1n cuatro d\u00edas de negocios, capacitaci\u00f3n y camarader\u00eda para el campo argentino AgroActiva ya est\u00e1 en marcha, la supermuestra toca tierra en Armstrong, <a href=\"https:\/\/armstrongyregion.com.ar\/diario\/agroactiva-la-muestra-ya-toca-tierra-en-armstrong\/\" title=\"Read more\" >&#8230;<\/a><\/p>\n","protected":false},"author":1,"featured_media":17445,"comment_status":"open","ping_status":"open","sticky":false,"template":"","format":"standard","meta":{"_jetpack_memberships_contains_paid_content":false,"footnotes":"","jetpack_publicize_message":"","jetpack_publicize_feature_enabled":true,"jetpack_social_post_already_shared":false,"jetpack_social_options":{"image_generator_settings":{"template":"highway","default_image_id":0,"enabled":false},"version":2}},"categories":[8,1,2819,2,3],"tags":[6783],"class_list":["post-17444","post","type-post","status-publish","format-standard","has-post-thumbnail","hentry","category-deliberando","category-diario-armstrong","category-el-pais","category-locales","category-region","tag-agroactiva-la-muestra-ya-toca-tierra-en-armstrong"],"jetpack_publicize_connections":[],"jetpack_featured_media_url":"https:\/\/armstrongyregion.com.ar\/diario\/wp-content\/uploads\/2018\/06\/agroactiva-2018-.jpg","jetpack_shortlink":"https:\/\/wp.me\/p62QDO-4xm","jetpack_sharing_enabled":true,"amp_enabled":true,"_links":{"self":[{"href":"https:\/\/armstrongyregion.com.ar\/diario\/wp-json\/wp\/v2\/posts\/17444","targetHints":{"allow":["GET"]}}],"collection":[{"href":"https:\/\/armstrongyregion.com.ar\/diario\/wp-json\/wp\/v2\/posts"}],"about":[{"href":"https:\/\/armstrongyregion.com.ar\/diario\/wp-json\/wp\/v2\/types\/post"}],"author":[{"embeddable":true,"href":"https:\/\/armstrongyregion.com.ar\/diario\/wp-json\/wp\/v2\/users\/1"}],"replies":[{"embeddable":true,"href":"https:\/\/armstrongyregion.com.ar\/diario\/wp-json\/wp\/v2\/comments?post=17444"}],"version-history":[{"count":0,"href":"https:\/\/armstrongyregion.com.ar\/diario\/wp-json\/wp\/v2\/posts\/17444\/revisions"}],"wp:featuredmedia":[{"embeddable":true,"href":"https:\/\/armstrongyregion.com.ar\/diario\/wp-json\/wp\/v2\/media\/17445"}],"wp:attachment":[{"href":"https:\/\/armstrongyregion.com.ar\/diario\/wp-json\/wp\/v2\/media?parent=17444"}],"wp:term":[{"taxonomy":"category","embeddable":true,"href":"https:\/\/armstrongyregion.com.ar\/diario\/wp-json\/wp\/v2\/categories?post=17444"},{"taxonomy":"post_tag","embeddable":true,"href":"https:\/\/armstrongyregion.com.ar\/diario\/wp-json\/wp\/v2\/tags?post=17444"}],"curies":[{"name":"wp","href":"https:\/\/api.w.org\/{rel}","templated":true}]}}