{"id":1744,"date":"2015-04-14T17:59:20","date_gmt":"2015-04-14T17:59:20","guid":{"rendered":"https:\/\/armstrongyregion.com.ar\/diario\/?p=1744"},"modified":"2015-04-14T17:59:20","modified_gmt":"2015-04-14T17:59:20","slug":"2do-festival-de-teatro-y-cuentacuentos%c2%a8heraldo-bocha-mansilla%c2%a8","status":"publish","type":"post","link":"https:\/\/armstrongyregion.com.ar\/diario\/2do-festival-de-teatro-y-cuentacuentos%c2%a8heraldo-bocha-mansilla%c2%a8\/","title":{"rendered":"2do. Festival de Teatro y Cuentacuentos\u00a8Heraldo Bocha Mansilla\u00a8."},"content":{"rendered":"<p><a href=\"http:\/\/armstrongyregion.com.ar\/diario\/wp-content\/uploads\/2015\/04\/cuenta-cuentos-2.jpg\"><img loading=\"lazy\" decoding=\"async\" class=\"alignnone size-medium wp-image-1745\" src=\"http:\/\/armstrongyregion.com.ar\/diario\/wp-content\/uploads\/2015\/04\/cuenta-cuentos-2-300x200.jpg\" alt=\"cuenta cuentos 2\" width=\"300\" height=\"200\" srcset=\"https:\/\/armstrongyregion.com.ar\/diario\/wp-content\/uploads\/2015\/04\/cuenta-cuentos-2-300x200.jpg 300w, https:\/\/armstrongyregion.com.ar\/diario\/wp-content\/uploads\/2015\/04\/cuenta-cuentos-2.jpg 768w\" sizes=\"auto, (max-width: 300px) 100vw, 300px\" \/><\/a>Culminaron las actividades en homenaje al 3er. aniversario del fallecimiento de nuestro Intendente Heraldo Bocha Mansilla con el desarrollo de un Inolvidable 2do. Festival de Teatro Infantil y Cuentacuentos realizado en forma conjunta por el Programa Educaci\u00f3n, Arte y Cultura del Ministerio de Eduaci\u00f3n de la Naci\u00f3n y Municipalidad de Las Parejas que se llev\u00f3 a cabo del 9 al 12 de abril.<\/p>\n<p>Con la llegada de uno de los camiones de \u00a8Aulas Rodantes Manuel Belgrano\u00a8 los ni\u00f1os parejenses disfrutaron de Cuenta cuentos y narraciones, proyecciones en el microcine del cami\u00f3n, talleres de lectura y narraci\u00f3n, talleres de ajedrez, talleres de Huayra -el sistema operativo de software libre del Ministerio de Educaci\u00f3n de la Naci\u00f3n desarrollado por Conectar Igualdad- los espect\u00e1culos: \u00a8En el Aire\u00a8-obra que recorre el circo con tonos de teatro callejero y clown latinoamericano; \u00a8Algarab\u00eda\u00a8 -espect\u00e1culo de humor y circo para toda la familia en donde se fusiona el malabarismo, las acrobacias y la danza, \u00a8Andr\u00f3meda y Casiopea en una aventura espacial\u00a8, y \u00a8Los Desabrigados del Norte\u00a8 una propuesta musical para toda la familia que invitaba a hacer un recorrido por los ritmos y paisajes latinoamericanos.<\/p>\n<p>Todas estas actividades pasaron los d\u00edas jueves 09 y viernes 10 por la Escuela N\u00ba 1232 \u00a8Alborada\u00a8, Escuela N\u00ba 648 \u00a8Ovidio Lagos\u00a8, Escuela N\u00ba 6017 \u00a8Fragata Libertad\u00a8, Escuela Dante Alighieri Primaria.<\/p>\n<p>El s\u00e1bado el cami\u00f3n con las actividades se traslad\u00f3 a Casa del Bicentenario.<\/p>\n<p>El domingo la fiesta culmin\u00f3 con las mismas en Plaza San Mart\u00edn.<\/p>\n<p>Con el acompa\u00f1amiento permanente de los ni\u00f1os parejenses y familias se desarrollaron 12 funciones de teatro, m\u00e1s de 50 talleres, 30 proyecciones, narraciones, lecturas, juegos, se pint\u00f3 un mural en Avda 21 y calle 26 en donde intervinieron la Muralista del Ministerio, los profes y chicos que participan del CEPLA Las Parejas y parejenses que se acercaron a colaborar.<\/p>\n<p>Municipalidad de Las Parejas agradece al Ministerio de Educaci\u00f3n de la Naci\u00f3n, a cada escuela que nos abri\u00f3 sus puertas, a tanta familia acompa\u00f1ando en cada actividad propuesta, convencidos que estos cuatro m\u00e1gicos y maravillosos d\u00edas reafirman el derecho de todos al acceso a la Educaci\u00f3n, al Arte y a la Cultura.<\/p>\n","protected":false},"excerpt":{"rendered":"<p>Culminaron las actividades en homenaje al 3er. aniversario del fallecimiento de nuestro Intendente Heraldo Bocha Mansilla con el desarrollo de un Inolvidable 2do. Festival de Teatro Infantil y Cuentacuentos realizado en forma conjunta por el Programa Educaci\u00f3n, Arte y Cultura del Ministerio de Eduaci\u00f3n de la Naci\u00f3n y Municipalidad de Las Parejas que se llev\u00f3 <a href=\"https:\/\/armstrongyregion.com.ar\/diario\/2do-festival-de-teatro-y-cuentacuentos%c2%a8heraldo-bocha-mansilla%c2%a8\/\" title=\"Read more\" >&#8230;<\/a><\/p>\n","protected":false},"author":2,"featured_media":1745,"comment_status":"open","ping_status":"open","sticky":false,"template":"","format":"standard","meta":{"_jetpack_memberships_contains_paid_content":false,"footnotes":"","jetpack_publicize_message":"","jetpack_publicize_feature_enabled":true,"jetpack_social_post_already_shared":true,"jetpack_social_options":{"image_generator_settings":{"template":"highway","default_image_id":0,"enabled":false},"version":2}},"categories":[1,3],"tags":[1433,1430,1434,1432,19,318,1435,1431,13],"class_list":["post-1744","post","type-post","status-publish","format-standard","has-post-thumbnail","hentry","category-diario-armstrong","category-region","tag-heraldo","tag-2do","tag-bocha","tag-cuentacuento","tag-de","tag-festival","tag-mansilla","tag-teatro","tag-y"],"jetpack_publicize_connections":[],"jetpack_featured_media_url":"https:\/\/armstrongyregion.com.ar\/diario\/wp-content\/uploads\/2015\/04\/cuenta-cuentos-2.jpg","jetpack_shortlink":"https:\/\/wp.me\/p62QDO-s8","jetpack_sharing_enabled":true,"amp_enabled":true,"_links":{"self":[{"href":"https:\/\/armstrongyregion.com.ar\/diario\/wp-json\/wp\/v2\/posts\/1744","targetHints":{"allow":["GET"]}}],"collection":[{"href":"https:\/\/armstrongyregion.com.ar\/diario\/wp-json\/wp\/v2\/posts"}],"about":[{"href":"https:\/\/armstrongyregion.com.ar\/diario\/wp-json\/wp\/v2\/types\/post"}],"author":[{"embeddable":true,"href":"https:\/\/armstrongyregion.com.ar\/diario\/wp-json\/wp\/v2\/users\/2"}],"replies":[{"embeddable":true,"href":"https:\/\/armstrongyregion.com.ar\/diario\/wp-json\/wp\/v2\/comments?post=1744"}],"version-history":[{"count":0,"href":"https:\/\/armstrongyregion.com.ar\/diario\/wp-json\/wp\/v2\/posts\/1744\/revisions"}],"wp:featuredmedia":[{"embeddable":true,"href":"https:\/\/armstrongyregion.com.ar\/diario\/wp-json\/wp\/v2\/media\/1745"}],"wp:attachment":[{"href":"https:\/\/armstrongyregion.com.ar\/diario\/wp-json\/wp\/v2\/media?parent=1744"}],"wp:term":[{"taxonomy":"category","embeddable":true,"href":"https:\/\/armstrongyregion.com.ar\/diario\/wp-json\/wp\/v2\/categories?post=1744"},{"taxonomy":"post_tag","embeddable":true,"href":"https:\/\/armstrongyregion.com.ar\/diario\/wp-json\/wp\/v2\/tags?post=1744"}],"curies":[{"name":"wp","href":"https:\/\/api.w.org\/{rel}","templated":true}]}}