{"id":17426,"date":"2018-06-05T02:33:59","date_gmt":"2018-06-05T02:33:59","guid":{"rendered":"https:\/\/armstrongyregion.com.ar\/diario\/?p=17426"},"modified":"2018-06-05T02:33:59","modified_gmt":"2018-06-05T02:33:59","slug":"rasetto-y-garibay-se-reunieron-por-obras-en-iriondo","status":"publish","type":"post","link":"https:\/\/armstrongyregion.com.ar\/diario\/rasetto-y-garibay-se-reunieron-por-obras-en-iriondo\/","title":{"rendered":"Rasetto y Garibay se reunieron por obras en Iriondo."},"content":{"rendered":"<p><a href=\"http:\/\/armstrongyregion.com.ar\/diario\/wp-content\/uploads\/2018\/06\/rasetto-garibay.jpg\"><img loading=\"lazy\" decoding=\"async\" src=\"http:\/\/armstrongyregion.com.ar\/diario\/wp-content\/uploads\/2018\/06\/rasetto-garibay.jpg\" alt=\"rasetto-garibay\" width=\"768\" height=\"432\" class=\"alignnone size-full wp-image-17427\" srcset=\"https:\/\/armstrongyregion.com.ar\/diario\/wp-content\/uploads\/2018\/06\/rasetto-garibay.jpg 768w, https:\/\/armstrongyregion.com.ar\/diario\/wp-content\/uploads\/2018\/06\/rasetto-garibay-300x169.jpg 300w\" sizes=\"auto, (max-width: 768px) 100vw, 768px\" \/><\/a>En el encuentro, confirmaron la visita del Gobernador Lifschitz a Ca\u00f1ada de G\u00f3mez el pr\u00f3ximo jueves por la ma\u00f1ana, donde encabezar\u00e1n el acto que dejar\u00e1 inaugurado un nuevo m\u00f3dulo de la planta de \u00f3smosis inversa.<br \/>\nFue este s\u00e1bado por la ma\u00f1ana en la sede Rosario del Ministerio de Infraestructura y Transporte de la Provincia de Santa Fe, donde el Senador por el Departamento Iriondo, Hugo Jes\u00fas Rasetto, fue recibido nuevamente por el Ministro de Infraestructura y Transporte de la provincia, Ing. Jos\u00e9 Le\u00f3n Garibay.<br \/>\nEn la reuni\u00f3n se realiz\u00f3 un repaso general de todas las obras que el ministerio lleva adelante en el Departamento Iriondo y se dialog\u00f3 sobre los ripios de acceso a la Escuela de la Familia Agr\u00edcola y al centro de educaci\u00f3n N\u00b04 en Totoras, y sobre la prolongaci\u00f3n de la Ruta 28 entre la 91 y la 34. Tambi\u00e9n se abord\u00f3 el tema de las obras de desag\u00fce para el barrio \u201cQuebradas de Andino 2\u201d.<\/p>\n","protected":false},"excerpt":{"rendered":"<p>En el encuentro, confirmaron la visita del Gobernador Lifschitz a Ca\u00f1ada de G\u00f3mez el pr\u00f3ximo jueves por la ma\u00f1ana, donde encabezar\u00e1n el acto que dejar\u00e1 inaugurado un nuevo m\u00f3dulo de la planta de \u00f3smosis inversa. Fue este s\u00e1bado por la ma\u00f1ana en la sede Rosario del Ministerio de Infraestructura y Transporte de la Provincia de <a href=\"https:\/\/armstrongyregion.com.ar\/diario\/rasetto-y-garibay-se-reunieron-por-obras-en-iriondo\/\" title=\"Read more\" >&#8230;<\/a><\/p>\n","protected":false},"author":1,"featured_media":17427,"comment_status":"open","ping_status":"open","sticky":false,"template":"","format":"standard","meta":{"_jetpack_memberships_contains_paid_content":false,"footnotes":"","jetpack_publicize_message":"","jetpack_publicize_feature_enabled":true,"jetpack_social_post_already_shared":false,"jetpack_social_options":{"image_generator_settings":{"template":"highway","default_image_id":0,"enabled":false},"version":2}},"categories":[8,1,2,3],"tags":[6778],"class_list":["post-17426","post","type-post","status-publish","format-standard","has-post-thumbnail","hentry","category-deliberando","category-diario-armstrong","category-locales","category-region","tag-rasetto-y-garibay-se-reunieron-por-obras-en-iriondo"],"jetpack_publicize_connections":[],"jetpack_featured_media_url":"https:\/\/armstrongyregion.com.ar\/diario\/wp-content\/uploads\/2018\/06\/rasetto-garibay.jpg","jetpack_shortlink":"https:\/\/wp.me\/p62QDO-4x4","jetpack_sharing_enabled":true,"amp_enabled":true,"_links":{"self":[{"href":"https:\/\/armstrongyregion.com.ar\/diario\/wp-json\/wp\/v2\/posts\/17426","targetHints":{"allow":["GET"]}}],"collection":[{"href":"https:\/\/armstrongyregion.com.ar\/diario\/wp-json\/wp\/v2\/posts"}],"about":[{"href":"https:\/\/armstrongyregion.com.ar\/diario\/wp-json\/wp\/v2\/types\/post"}],"author":[{"embeddable":true,"href":"https:\/\/armstrongyregion.com.ar\/diario\/wp-json\/wp\/v2\/users\/1"}],"replies":[{"embeddable":true,"href":"https:\/\/armstrongyregion.com.ar\/diario\/wp-json\/wp\/v2\/comments?post=17426"}],"version-history":[{"count":0,"href":"https:\/\/armstrongyregion.com.ar\/diario\/wp-json\/wp\/v2\/posts\/17426\/revisions"}],"wp:featuredmedia":[{"embeddable":true,"href":"https:\/\/armstrongyregion.com.ar\/diario\/wp-json\/wp\/v2\/media\/17427"}],"wp:attachment":[{"href":"https:\/\/armstrongyregion.com.ar\/diario\/wp-json\/wp\/v2\/media?parent=17426"}],"wp:term":[{"taxonomy":"category","embeddable":true,"href":"https:\/\/armstrongyregion.com.ar\/diario\/wp-json\/wp\/v2\/categories?post=17426"},{"taxonomy":"post_tag","embeddable":true,"href":"https:\/\/armstrongyregion.com.ar\/diario\/wp-json\/wp\/v2\/tags?post=17426"}],"curies":[{"name":"wp","href":"https:\/\/api.w.org\/{rel}","templated":true}]}}