{"id":17415,"date":"2018-06-03T23:30:08","date_gmt":"2018-06-03T23:30:08","guid":{"rendered":"https:\/\/armstrongyregion.com.ar\/diario\/?p=17415"},"modified":"2018-06-03T23:30:08","modified_gmt":"2018-06-03T23:30:08","slug":"agroactiva-llevo-la-promocion-de-la-muestra-a-cada-rincon-del-pais","status":"publish","type":"post","link":"https:\/\/armstrongyregion.com.ar\/diario\/agroactiva-llevo-la-promocion-de-la-muestra-a-cada-rincon-del-pais\/","title":{"rendered":"Agroactiva llev\u00f3 la promoci\u00f3n de la muestra a cada rinc\u00f3n del pa\u00eds."},"content":{"rendered":"<p><a href=\"http:\/\/armstrongyregion.com.ar\/diario\/wp-content\/uploads\/2018\/06\/agroactiva-2018.jpg\"><img loading=\"lazy\" decoding=\"async\" src=\"http:\/\/armstrongyregion.com.ar\/diario\/wp-content\/uploads\/2018\/06\/agroactiva-2018.jpg\" alt=\"agroactiva-2018\" width=\"768\" height=\"432\" class=\"alignnone size-full wp-image-17416\" srcset=\"https:\/\/armstrongyregion.com.ar\/diario\/wp-content\/uploads\/2018\/06\/agroactiva-2018.jpg 768w, https:\/\/armstrongyregion.com.ar\/diario\/wp-content\/uploads\/2018\/06\/agroactiva-2018-300x169.jpg 300w\" sizes=\"auto, (max-width: 768px) 100vw, 768px\" \/><\/a>La mega muestra, que tendr\u00e1 su 24\u00aa edici\u00f3n del 6 al 9 de junio en Armstrong, realiz\u00f3 como cada a\u00f1o dos fuertes campa\u00f1as de difusi\u00f3n que le permiten tener presencia en amplias zonas de la Pampa H\u00fameda.<\/p>\n<p>AgroActiva no olvida sus or\u00edgenes, sus ra\u00edces del interior, chacareros. La muestra que naci\u00f3 en Armstrong y creci\u00f3 hasta ser la m\u00e1s grande de Am\u00e9rica mantienen los valores de humildad, sencillez, entender la l\u00f3gica del otro, el trato cara a cara y la presencia permanente en el interior productivo de nuestro pa\u00eds.<\/p>\n<p>Dos acciones que se repiten a lo largo de los a\u00f1os, edici\u00f3n tras edici\u00f3n, y tratan siempre de perfeccionarse, crecer y llegar a m\u00e1s lugares son la Caravana de Medios y la Distribuci\u00f3n de Entradas Gratuitas. Estas dos campa\u00f1as de promoci\u00f3n que lleva adelante AgroActiva, a bordo de la Ford Ranger (pick up oficial de la feria), permiten un contacto directo y una invitaci\u00f3n, casi personalizada, a miles y miles de productores de todo el pa\u00eds.<\/p>\n<p>Cada a\u00f1o la supermuestra ratifica su liderazgo indiscutido en convocatoria de p\u00fablico, pero para alcanzar ese objetivo se trabaja fuertemente en la difusi\u00f3n, a trav\u00e9s de medios de comunicaci\u00f3n (sin descuidar las herramientas modernas como las redes sociales) y llevando entradas gratis a cada rinc\u00f3n de la Pampa H\u00fameda.<\/p>\n<p>Este contacto directo con la gente, cara a cara, deja tambi\u00e9n cientos de an\u00e9cdotas como ese concesionario que tiene los afiches de hace a\u00f1os y no quiere tirarlos \u201cporque los colecciona\u201d. O ese productor que en una estaci\u00f3n de servicio de La Carlota se acerca a los promotores, abrigado con la campera que compr\u00f3 en AgroActiva hace dos a\u00f1os, para solicitar t\u00edmidamente \u201cun par de entradas gratis para ir con amigos\u201d. Tambi\u00e9n se cosechan amigos, en los medios de comunicaci\u00f3n principalmente, con los que se forja una relaci\u00f3n que va mucho m\u00e1s all\u00e1 de lo comercial o institucional.<\/p>\n<p>La Caravana y la Distribuci\u00f3n de Entradas tienen n\u00fameros impresionantes, como todo en AgroActiva, y algunos detalles curiosos que evidencian la penetraci\u00f3n de la mega muestra en el interior del pa\u00eds.<\/p>\n<p>Caravana de medios<\/p>\n<p>\u2013 39 d\u00edas de Caravana<\/p>\n<p>-Total recorrido 27 mil kil\u00f3metros. Equivalen a dos tercios de la vuelta al mundo o un viaje de Tierra del Fuego a Alaska en auto<\/p>\n<p>-287 medios visitados personalmente<\/p>\n<p>\u2013 Ocho provincias recorridas<\/p>\n<p>\u2013 196 ciudades en las que se contact\u00f3 medios<\/p>\n<p>\u2013 La ciudad m\u00e1s al norte Villa Ocampo (Santa Fe)<\/p>\n<p>\u2013 La ciudad m\u00e1s al sur Villa Regina (R\u00edo Negro)<\/p>\n<p>\u2013 Distancia entre las m\u00e1s al norte y la m\u00e1s al sur 1700 km<\/p>\n<p>\u2013 Radios visitadas 168<\/p>\n<p>\u2013 Canales de TV o programas 97<\/p>\n<p>\u2013 Medios gr\u00e1ficos 22<\/p>\n","protected":false},"excerpt":{"rendered":"<p>La mega muestra, que tendr\u00e1 su 24\u00aa edici\u00f3n del 6 al 9 de junio en Armstrong, realiz\u00f3 como cada a\u00f1o dos fuertes campa\u00f1as de difusi\u00f3n que le permiten tener presencia en amplias zonas de la Pampa H\u00fameda. AgroActiva no olvida sus or\u00edgenes, sus ra\u00edces del interior, chacareros. La muestra que naci\u00f3 en Armstrong y creci\u00f3 <a href=\"https:\/\/armstrongyregion.com.ar\/diario\/agroactiva-llevo-la-promocion-de-la-muestra-a-cada-rincon-del-pais\/\" title=\"Read more\" >&#8230;<\/a><\/p>\n","protected":false},"author":1,"featured_media":17416,"comment_status":"open","ping_status":"open","sticky":false,"template":"","format":"standard","meta":{"_jetpack_memberships_contains_paid_content":false,"footnotes":"","jetpack_publicize_message":"","jetpack_publicize_feature_enabled":true,"jetpack_social_post_already_shared":false,"jetpack_social_options":{"image_generator_settings":{"template":"highway","default_image_id":0,"enabled":false},"version":2}},"categories":[8,1,2,3],"tags":[6776],"class_list":["post-17415","post","type-post","status-publish","format-standard","has-post-thumbnail","hentry","category-deliberando","category-diario-armstrong","category-locales","category-region","tag-agroactiva-llevo-la-promocion-de-la-muestra-a-cada-rincon-del-pais"],"jetpack_publicize_connections":[],"jetpack_featured_media_url":"https:\/\/armstrongyregion.com.ar\/diario\/wp-content\/uploads\/2018\/06\/agroactiva-2018.jpg","jetpack_shortlink":"https:\/\/wp.me\/p62QDO-4wT","jetpack_sharing_enabled":true,"amp_enabled":true,"_links":{"self":[{"href":"https:\/\/armstrongyregion.com.ar\/diario\/wp-json\/wp\/v2\/posts\/17415","targetHints":{"allow":["GET"]}}],"collection":[{"href":"https:\/\/armstrongyregion.com.ar\/diario\/wp-json\/wp\/v2\/posts"}],"about":[{"href":"https:\/\/armstrongyregion.com.ar\/diario\/wp-json\/wp\/v2\/types\/post"}],"author":[{"embeddable":true,"href":"https:\/\/armstrongyregion.com.ar\/diario\/wp-json\/wp\/v2\/users\/1"}],"replies":[{"embeddable":true,"href":"https:\/\/armstrongyregion.com.ar\/diario\/wp-json\/wp\/v2\/comments?post=17415"}],"version-history":[{"count":0,"href":"https:\/\/armstrongyregion.com.ar\/diario\/wp-json\/wp\/v2\/posts\/17415\/revisions"}],"wp:featuredmedia":[{"embeddable":true,"href":"https:\/\/armstrongyregion.com.ar\/diario\/wp-json\/wp\/v2\/media\/17416"}],"wp:attachment":[{"href":"https:\/\/armstrongyregion.com.ar\/diario\/wp-json\/wp\/v2\/media?parent=17415"}],"wp:term":[{"taxonomy":"category","embeddable":true,"href":"https:\/\/armstrongyregion.com.ar\/diario\/wp-json\/wp\/v2\/categories?post=17415"},{"taxonomy":"post_tag","embeddable":true,"href":"https:\/\/armstrongyregion.com.ar\/diario\/wp-json\/wp\/v2\/tags?post=17415"}],"curies":[{"name":"wp","href":"https:\/\/api.w.org\/{rel}","templated":true}]}}