{"id":17412,"date":"2018-06-03T22:44:50","date_gmt":"2018-06-03T22:44:50","guid":{"rendered":"https:\/\/armstrongyregion.com.ar\/diario\/?p=17412"},"modified":"2018-06-03T22:44:50","modified_gmt":"2018-06-03T22:44:50","slug":"las-ventas-minoristas-cayeron-el-48-en-mayo","status":"publish","type":"post","link":"https:\/\/armstrongyregion.com.ar\/diario\/las-ventas-minoristas-cayeron-el-48-en-mayo\/","title":{"rendered":"Las ventas minoristas cayeron el 4,8% en mayo."},"content":{"rendered":"<p><a href=\"http:\/\/armstrongyregion.com.ar\/diario\/wp-content\/uploads\/2018\/06\/venta_minorista.jpg\"><img loading=\"lazy\" decoding=\"async\" src=\"http:\/\/armstrongyregion.com.ar\/diario\/wp-content\/uploads\/2018\/06\/venta_minorista.jpg\" alt=\"venta_minorista\" width=\"847\" height=\"476\" class=\"alignnone size-full wp-image-17413\" srcset=\"https:\/\/armstrongyregion.com.ar\/diario\/wp-content\/uploads\/2018\/06\/venta_minorista.jpg 847w, https:\/\/armstrongyregion.com.ar\/diario\/wp-content\/uploads\/2018\/06\/venta_minorista-300x169.jpg 300w\" sizes=\"auto, (max-width: 847px) 100vw, 847px\" \/><\/a>Seg\u00fan inform\u00f3 la Confederaci\u00f3n Argentina de la Mediana Empresa, la merma acumula un declive de 2,5% en los primeros cinco meses del a\u00f1o.<br \/>\nLas ventas minoristas de los comercios pymes finalizaron mayo con una baja de interanual de 4,8%, medidas a precios constantes, y acumulan un declive de 2,5% en los primeros cinco meses del a\u00f1o, inform\u00f3 la Confederaci\u00f3n Argentina de la Mediana Empresa (Came).<\/p>\n<p>\u00abFue un mes de mucha tensi\u00f3n econ\u00f3mica y eso le rest\u00f3 fuerza al consumo, especialmente en la primera quincena, donde la suba del d\u00f3lar desconcert\u00f3 al p\u00fablico\u00bb, indic\u00f3 CAME en su \u00faltimo informe mensual.<\/p>\n<p>\u00abA eso se sumaron los problemas reales de ingresos, donde se not\u00f3 la p\u00e9rdida en el poder adquisitivo\u00bb, agregaron.<\/p>\n<p>Sin embargo, el documento indica que, comparadas con abril, las ventas pymes \u00absubieron un 4%, que se explica por la estacionalidad del mes\u00bb.<\/p>\n<p>En mayo, s\u00f3lo el 25,8% de los comercios consultados tuvieron alzas anuales en sus ventas (en abril el 32,8%); en cambio, el 62,5% tuvo variaciones negativas y el 11,6% se mantuvo sin cambios.<\/p>\n<p>Para la entidad, mayo fue un mes de baja rentabilidad y altas tasas de inter\u00e9s, donde los negocios \u00abdebieron asumir subas de tarifas, de alquileres, mercader\u00eda con aumento, y de costos en general\u00bb.<\/p>\n<p>Entre los rubros que m\u00e1s cayeron en los cinco meses de 2018, figuran Textil blanco, con un 4,1% de ca\u00edda, seguidos por Textil indumentaria y Marroquiner\u00eda, con un 3,9% de merma en las ventas.<\/p>\n<p>En t\u00e9rminos interanuales, entre los rubros con mayores bajas de ventas se destacan Golosinas (-8,5%), Joyer\u00edas y relojer\u00edas (-7,7%), Calzados (-6,6%), Indumentaria (-6,5%) y Materiales para construcci\u00f3n (-5,7%).<\/p>\n<p>\u00abEste mes se not\u00f3 a los empresarios menos optimistas que en abril. S\u00f3lo el 45% de los comercios consultados esperan que en los pr\u00f3ximos meses las ventas se recuperen (en abril 50,5%)\u00bb, concluy\u00f3 Came.<\/p>\n<p>Fuente: T\u00e9lam<\/p>\n","protected":false},"excerpt":{"rendered":"<p>Seg\u00fan inform\u00f3 la Confederaci\u00f3n Argentina de la Mediana Empresa, la merma acumula un declive de 2,5% en los primeros cinco meses del a\u00f1o. Las ventas minoristas de los comercios pymes finalizaron mayo con una baja de interanual de 4,8%, medidas a precios constantes, y acumulan un declive de 2,5% en los primeros cinco meses del <a href=\"https:\/\/armstrongyregion.com.ar\/diario\/las-ventas-minoristas-cayeron-el-48-en-mayo\/\" title=\"Read more\" >&#8230;<\/a><\/p>\n","protected":false},"author":1,"featured_media":17413,"comment_status":"open","ping_status":"open","sticky":false,"template":"","format":"standard","meta":{"_jetpack_memberships_contains_paid_content":false,"footnotes":"","jetpack_publicize_message":"","jetpack_publicize_feature_enabled":true,"jetpack_social_post_already_shared":false,"jetpack_social_options":{"image_generator_settings":{"template":"highway","default_image_id":0,"enabled":false},"version":2}},"categories":[8,1,2,3],"tags":[6775,6774],"class_list":["post-17412","post","type-post","status-publish","format-standard","has-post-thumbnail","hentry","category-deliberando","category-diario-armstrong","category-locales","category-region","tag-8-en-mayo","tag-las-ventas-minoristas-cayeron-el-4"],"jetpack_publicize_connections":[],"jetpack_featured_media_url":"https:\/\/armstrongyregion.com.ar\/diario\/wp-content\/uploads\/2018\/06\/venta_minorista.jpg","jetpack_shortlink":"https:\/\/wp.me\/p62QDO-4wQ","jetpack_sharing_enabled":true,"amp_enabled":true,"_links":{"self":[{"href":"https:\/\/armstrongyregion.com.ar\/diario\/wp-json\/wp\/v2\/posts\/17412","targetHints":{"allow":["GET"]}}],"collection":[{"href":"https:\/\/armstrongyregion.com.ar\/diario\/wp-json\/wp\/v2\/posts"}],"about":[{"href":"https:\/\/armstrongyregion.com.ar\/diario\/wp-json\/wp\/v2\/types\/post"}],"author":[{"embeddable":true,"href":"https:\/\/armstrongyregion.com.ar\/diario\/wp-json\/wp\/v2\/users\/1"}],"replies":[{"embeddable":true,"href":"https:\/\/armstrongyregion.com.ar\/diario\/wp-json\/wp\/v2\/comments?post=17412"}],"version-history":[{"count":0,"href":"https:\/\/armstrongyregion.com.ar\/diario\/wp-json\/wp\/v2\/posts\/17412\/revisions"}],"wp:featuredmedia":[{"embeddable":true,"href":"https:\/\/armstrongyregion.com.ar\/diario\/wp-json\/wp\/v2\/media\/17413"}],"wp:attachment":[{"href":"https:\/\/armstrongyregion.com.ar\/diario\/wp-json\/wp\/v2\/media?parent=17412"}],"wp:term":[{"taxonomy":"category","embeddable":true,"href":"https:\/\/armstrongyregion.com.ar\/diario\/wp-json\/wp\/v2\/categories?post=17412"},{"taxonomy":"post_tag","embeddable":true,"href":"https:\/\/armstrongyregion.com.ar\/diario\/wp-json\/wp\/v2\/tags?post=17412"}],"curies":[{"name":"wp","href":"https:\/\/api.w.org\/{rel}","templated":true}]}}