{"id":17356,"date":"2018-05-31T15:31:34","date_gmt":"2018-05-31T15:31:34","guid":{"rendered":"https:\/\/armstrongyregion.com.ar\/diario\/?p=17356"},"modified":"2018-05-31T15:31:34","modified_gmt":"2018-05-31T15:31:34","slug":"puesta-en-marcha-del-proyecto-de-energias-renovables","status":"publish","type":"post","link":"https:\/\/armstrongyregion.com.ar\/diario\/puesta-en-marcha-del-proyecto-de-energias-renovables\/","title":{"rendered":"Puesta en marcha del Proyecto de Energ\u00edas Renovables."},"content":{"rendered":"<p><a href=\"http:\/\/armstrongyregion.com.ar\/diario\/wp-content\/uploads\/2018\/05\/bertinat-e.r.jpg\"><img loading=\"lazy\" decoding=\"async\" src=\"http:\/\/armstrongyregion.com.ar\/diario\/wp-content\/uploads\/2018\/05\/bertinat-e.r.jpg\" alt=\"bertinat-e.r\" width=\"890\" height=\"683\" class=\"alignnone size-full wp-image-17357\" srcset=\"https:\/\/armstrongyregion.com.ar\/diario\/wp-content\/uploads\/2018\/05\/bertinat-e.r.jpg 890w, https:\/\/armstrongyregion.com.ar\/diario\/wp-content\/uploads\/2018\/05\/bertinat-e.r-300x230.jpg 300w\" sizes=\"auto, (max-width: 890px) 100vw, 890px\" \/><\/a>El pasado mi\u00e9rcoles 30 de mayo, se realiz\u00f3 una Conferencia de Prensa en la Coop. De Obras y Servicios P\u00fablicos Ltda. Sobre marcha del Proyecto de Energ\u00edas Renovables.<br \/>\nCon la participaci\u00f3n del Ing. Pablo Bertinat y el Ing. Ricardo Airasca, Gerente de la Cooperativa, en contacto con la prensa local, se ofrecieron precisiones sobre los avances de \u00e9ste proyecto que pone a Armstrong en la vanguardia de la obtenci\u00f3n de energ\u00edas renovables.<br \/>\nEl Ing. Bertinat, abri\u00f3 la Conferencia de Prensa manifestando: \u201cYa estamos entrando en la etapa final del proyecto formal que tenemos en el Ministerio de Ciencia y Tecnolog\u00eda, en ese marco, estamos terminando de instalar los molinos e\u00f3licos que faltan en las pr\u00f3ximas dos semanas, en este caso, un proveedor de Mendoza  nos entrega tres molinos, y en las pr\u00f3ximas semanas vamos a avanzar en la instalaci\u00f3n de los paneles solares en las viviendas que estaban en agenda y as\u00ed tener completo el circuito de generaci\u00f3n de energ\u00eda que nos hab\u00edamos comprometido\u201d.<br \/>\nJorge Tagina para Armstrong y Region.<\/p>\n","protected":false},"excerpt":{"rendered":"<p>El pasado mi\u00e9rcoles 30 de mayo, se realiz\u00f3 una Conferencia de Prensa en la Coop. De Obras y Servicios P\u00fablicos Ltda. Sobre marcha del Proyecto de Energ\u00edas Renovables. Con la participaci\u00f3n del Ing. Pablo Bertinat y el Ing. Ricardo Airasca, Gerente de la Cooperativa, en contacto con la prensa local, se ofrecieron precisiones sobre los <a href=\"https:\/\/armstrongyregion.com.ar\/diario\/puesta-en-marcha-del-proyecto-de-energias-renovables\/\" title=\"Read more\" >&#8230;<\/a><\/p>\n","protected":false},"author":1,"featured_media":17357,"comment_status":"open","ping_status":"open","sticky":false,"template":"","format":"standard","meta":{"_jetpack_memberships_contains_paid_content":false,"footnotes":"","jetpack_publicize_message":"","jetpack_publicize_feature_enabled":true,"jetpack_social_post_already_shared":false,"jetpack_social_options":{"image_generator_settings":{"template":"highway","default_image_id":0,"enabled":false},"version":2}},"categories":[6,8,1,2,7],"tags":[6757],"class_list":["post-17356","post","type-post","status-publish","format-standard","has-post-thumbnail","hentry","category-cultura-entretenimiento","category-deliberando","category-diario-armstrong","category-locales","category-politica","tag-puesta-en-marcha-del-proyecto-de-energias-renovables"],"jetpack_publicize_connections":[],"jetpack_featured_media_url":"https:\/\/armstrongyregion.com.ar\/diario\/wp-content\/uploads\/2018\/05\/bertinat-e.r.jpg","jetpack_shortlink":"https:\/\/wp.me\/p62QDO-4vW","jetpack_sharing_enabled":true,"amp_enabled":true,"_links":{"self":[{"href":"https:\/\/armstrongyregion.com.ar\/diario\/wp-json\/wp\/v2\/posts\/17356","targetHints":{"allow":["GET"]}}],"collection":[{"href":"https:\/\/armstrongyregion.com.ar\/diario\/wp-json\/wp\/v2\/posts"}],"about":[{"href":"https:\/\/armstrongyregion.com.ar\/diario\/wp-json\/wp\/v2\/types\/post"}],"author":[{"embeddable":true,"href":"https:\/\/armstrongyregion.com.ar\/diario\/wp-json\/wp\/v2\/users\/1"}],"replies":[{"embeddable":true,"href":"https:\/\/armstrongyregion.com.ar\/diario\/wp-json\/wp\/v2\/comments?post=17356"}],"version-history":[{"count":0,"href":"https:\/\/armstrongyregion.com.ar\/diario\/wp-json\/wp\/v2\/posts\/17356\/revisions"}],"wp:featuredmedia":[{"embeddable":true,"href":"https:\/\/armstrongyregion.com.ar\/diario\/wp-json\/wp\/v2\/media\/17357"}],"wp:attachment":[{"href":"https:\/\/armstrongyregion.com.ar\/diario\/wp-json\/wp\/v2\/media?parent=17356"}],"wp:term":[{"taxonomy":"category","embeddable":true,"href":"https:\/\/armstrongyregion.com.ar\/diario\/wp-json\/wp\/v2\/categories?post=17356"},{"taxonomy":"post_tag","embeddable":true,"href":"https:\/\/armstrongyregion.com.ar\/diario\/wp-json\/wp\/v2\/tags?post=17356"}],"curies":[{"name":"wp","href":"https:\/\/api.w.org\/{rel}","templated":true}]}}