{"id":17225,"date":"2018-05-18T21:09:08","date_gmt":"2018-05-18T21:09:08","guid":{"rendered":"https:\/\/armstrongyregion.com.ar\/diario\/?p=17225"},"modified":"2018-05-18T21:09:08","modified_gmt":"2018-05-18T21:09:08","slug":"comunicado-habilitacion-semaforo-en-esquina-delfo-cabrera-y-martinez","status":"publish","type":"post","link":"https:\/\/armstrongyregion.com.ar\/diario\/comunicado-habilitacion-semaforo-en-esquina-delfo-cabrera-y-martinez\/","title":{"rendered":"Comunicado habilitaci\u00f3n sem\u00e1foro en esquina Delfo Cabrera y Mart\u00ednez."},"content":{"rendered":"<p><a href=\"http:\/\/armstrongyregion.com.ar\/diario\/wp-content\/uploads\/2018\/05\/mamifero-.jpg\"><img loading=\"lazy\" decoding=\"async\" src=\"http:\/\/armstrongyregion.com.ar\/diario\/wp-content\/uploads\/2018\/05\/mamifero-.jpg\" alt=\"mamifero-\" width=\"768\" height=\"454\" class=\"alignnone size-full wp-image-17226\" srcset=\"https:\/\/armstrongyregion.com.ar\/diario\/wp-content\/uploads\/2018\/05\/mamifero-.jpg 768w, https:\/\/armstrongyregion.com.ar\/diario\/wp-content\/uploads\/2018\/05\/mamifero--300x177.jpg 300w\" sizes=\"auto, (max-width: 768px) 100vw, 768px\" \/><\/a>La Municipalidad de Armstrong informa a la ciudadan\u00eda que el pr\u00f3ximo lunes 21 de mayo en horas de la ma\u00f1ana se pondr\u00e1 en funcionamiento el sem\u00e1foro ubicado en la esquina de calles Delfo Cabrera y Mart\u00ednez.<br \/>\nEl mismo hab\u00eda sido solicitado oportunamente por los vecinos del lugar debido a la importante cantidad de tr\u00e1nsito que circula diariamente en el sector.<br \/>\nSe solicita respetar las se\u00f1ales de tr\u00e1nsito en toda la ciudad para una mayor seguridad. Recuerde que el tr\u00e1nsito lo hacemos entre todos.<br \/>\nMuchas gracias.<\/p>\n","protected":false},"excerpt":{"rendered":"<p>La Municipalidad de Armstrong informa a la ciudadan\u00eda que el pr\u00f3ximo lunes 21 de mayo en horas de la ma\u00f1ana se pondr\u00e1 en funcionamiento el sem\u00e1foro ubicado en la esquina de calles Delfo Cabrera y Mart\u00ednez. El mismo hab\u00eda sido solicitado oportunamente por los vecinos del lugar debido a la importante cantidad de tr\u00e1nsito que <a href=\"https:\/\/armstrongyregion.com.ar\/diario\/comunicado-habilitacion-semaforo-en-esquina-delfo-cabrera-y-martinez\/\" title=\"Read more\" >&#8230;<\/a><\/p>\n","protected":false},"author":1,"featured_media":17226,"comment_status":"open","ping_status":"open","sticky":false,"template":"","format":"standard","meta":{"_jetpack_memberships_contains_paid_content":false,"footnotes":"","jetpack_publicize_message":"","jetpack_publicize_feature_enabled":true,"jetpack_social_post_already_shared":false,"jetpack_social_options":{"image_generator_settings":{"template":"highway","default_image_id":0,"enabled":false},"version":2}},"categories":[8,1,2,7],"tags":[6717],"class_list":["post-17225","post","type-post","status-publish","format-standard","has-post-thumbnail","hentry","category-deliberando","category-diario-armstrong","category-locales","category-politica","tag-comunicado-habilitacion-semaforo-en-esquina-delfo-cabrera-y-martinez"],"jetpack_publicize_connections":[],"jetpack_featured_media_url":"https:\/\/armstrongyregion.com.ar\/diario\/wp-content\/uploads\/2018\/05\/mamifero-.jpg","jetpack_shortlink":"https:\/\/wp.me\/p62QDO-4tP","jetpack_sharing_enabled":true,"amp_enabled":true,"_links":{"self":[{"href":"https:\/\/armstrongyregion.com.ar\/diario\/wp-json\/wp\/v2\/posts\/17225","targetHints":{"allow":["GET"]}}],"collection":[{"href":"https:\/\/armstrongyregion.com.ar\/diario\/wp-json\/wp\/v2\/posts"}],"about":[{"href":"https:\/\/armstrongyregion.com.ar\/diario\/wp-json\/wp\/v2\/types\/post"}],"author":[{"embeddable":true,"href":"https:\/\/armstrongyregion.com.ar\/diario\/wp-json\/wp\/v2\/users\/1"}],"replies":[{"embeddable":true,"href":"https:\/\/armstrongyregion.com.ar\/diario\/wp-json\/wp\/v2\/comments?post=17225"}],"version-history":[{"count":0,"href":"https:\/\/armstrongyregion.com.ar\/diario\/wp-json\/wp\/v2\/posts\/17225\/revisions"}],"wp:featuredmedia":[{"embeddable":true,"href":"https:\/\/armstrongyregion.com.ar\/diario\/wp-json\/wp\/v2\/media\/17226"}],"wp:attachment":[{"href":"https:\/\/armstrongyregion.com.ar\/diario\/wp-json\/wp\/v2\/media?parent=17225"}],"wp:term":[{"taxonomy":"category","embeddable":true,"href":"https:\/\/armstrongyregion.com.ar\/diario\/wp-json\/wp\/v2\/categories?post=17225"},{"taxonomy":"post_tag","embeddable":true,"href":"https:\/\/armstrongyregion.com.ar\/diario\/wp-json\/wp\/v2\/tags?post=17225"}],"curies":[{"name":"wp","href":"https:\/\/api.w.org\/{rel}","templated":true}]}}