{"id":17157,"date":"2018-05-12T15:10:08","date_gmt":"2018-05-12T15:10:08","guid":{"rendered":"https:\/\/armstrongyregion.com.ar\/diario\/?p=17157"},"modified":"2018-05-12T15:10:08","modified_gmt":"2018-05-12T15:10:08","slug":"meyer-la-respuesta-a-la-carta-documento-por-la-inseguridad-fueron-mas-robos","status":"publish","type":"post","link":"https:\/\/armstrongyregion.com.ar\/diario\/meyer-la-respuesta-a-la-carta-documento-por-la-inseguridad-fueron-mas-robos\/","title":{"rendered":"Meyer: \u00abLa respuesta a la carta documento por la inseguridad fueron m\u00e1s robos\u00bb."},"content":{"rendered":"<p><a href=\"http:\/\/armstrongyregion.com.ar\/diario\/wp-content\/uploads\/2018\/05\/meyer-respuesta-carta.jpg\"><img loading=\"lazy\" decoding=\"async\" src=\"http:\/\/armstrongyregion.com.ar\/diario\/wp-content\/uploads\/2018\/05\/meyer-respuesta-carta.jpg\" alt=\"meyer-respuesta-carta\" width=\"768\" height=\"576\" class=\"alignnone size-full wp-image-17158\" srcset=\"https:\/\/armstrongyregion.com.ar\/diario\/wp-content\/uploads\/2018\/05\/meyer-respuesta-carta.jpg 768w, https:\/\/armstrongyregion.com.ar\/diario\/wp-content\/uploads\/2018\/05\/meyer-respuesta-carta-300x225.jpg 300w\" sizes=\"auto, (max-width: 768px) 100vw, 768px\" \/><\/a>\u00abSe ha armado una ola de hechos delictivos para intimidar a los rosenses\u00bb, dijo el jefe municipal.<br \/>\nAlgunos conceptos del Intendente Meyer:<\/p>\n<p>&#8211;          Respecto a la inseguridad hemos hecho innumerables reclamos, en todos los niveles del gobierno provincial, y no hubo respuesta alguna. Ac\u00e1 el Gobernador recibi\u00f3 hace un a\u00f1o atr\u00e1s una nota firmada por centenas de vecinos rosenses, ahora hace 10 dias le envi\u00e9 una carta documento y no tenemos respuesta positiva, sino que por la contrario hay un recrudecimiento de hechos delictivos.<br \/>\n<!--[if lt IE 9]><script>document.createElement('audio');<\/script><![endif]-->\n<audio class=\"wp-audio-shortcode\" id=\"audio-17157-1\" preload=\"none\" style=\"width: 100%;\" controls=\"controls\"><source type=\"audio\/mpeg\" src=\"http:\/\/armstrongyregion.com.ar\/diario\/wp-content\/uploads\/2018\/05\/multimedia.audio_.8b3eb9bfb617c621.4d65796572204a6176696572203131303531382e6d7033.mp3?_=1\" \/><a href=\"http:\/\/armstrongyregion.com.ar\/diario\/wp-content\/uploads\/2018\/05\/multimedia.audio_.8b3eb9bfb617c621.4d65796572204a6176696572203131303531382e6d7033.mp3\">http:\/\/armstrongyregion.com.ar\/diario\/wp-content\/uploads\/2018\/05\/multimedia.audio_.8b3eb9bfb617c621.4d65796572204a6176696572203131303531382e6d7033.mp3<\/a><\/audio><\/p>\n<p>&#8211;          Esto me da de pensar, y creo estar en lo correcto. Cuando nadie hablaba de narcotraficantes, la droga con venta liberada y la corrupci\u00f3n pol\u00edtica y policial que la encubre, los robos eran m\u00e1s \u201ccontrolados\u201d.<\/p>\n<p>&#8211;          En esta etapa se trata de intimidar al pueblo de Las Rosas con este tipo de delincuentes en las calles. La Justicia no funciona y es dependiente del gobierno provincial, y una polic\u00eda que responde al mismo estamento del estado. Y cuando hay polic\u00edas que trabajan terminan procesados o sumariados.<\/p>\n<p>&#8211;          Todo esta seguidilla de robos est\u00e1 \u201carmada\u201d. La realidad es que los corruptos y los narcos est\u00e1n buscando que en el hartazgo se produzca justicia por mano propia y alguna persona de bien termine presa por defender su hogar.<\/p>\n<p>&#8211;          Cuando empezamos a denunciar fuerte y a exigir, que no es de ahora como hacen otros que dicen que han reclamado y hacen proyectos para pedir fuerzas nacionales.<\/p>\n<p>&#8211;          Hace un a\u00f1o atr\u00e1s hubo quien dec\u00eda que el intendente de Las Rosas era el \u00fanico que ten\u00eda problemas con la seguridad, y ahora parece preocupado porque la gente se le ir\u00e1 encima . Nosotros fuimos los primeros que enviamos una carta e hicimos innumerables pedidos a las autoridades.<\/p>\n<p>&#8211;          Estoy operando con el Gobierno Nacional en materia de seguridad. Yo no quiero que caiga preso el vendedor local, pretendo que se detenga al pol\u00edtico que lo encubre, y el polic\u00eda que tambi\u00e9n lo hace. Todo este sistema de \u201catorrantes\u201d est\u00e1 mandando personas a robar.<\/p>\n<p>&#8211;          La respuesta a la carta documento fueron m\u00e1s robos. El Ministro de Seguridad deber\u00eda estar sentado a mi lado para trabajar en seguridad.<\/p>\n<p>&#8211;          Ac\u00e1 tenemos la Unidad Regional III, y parece que ahora para \u201cagarrar\u201d a 10 muchachos que est\u00e1n saqueando al pueblo debe venir la Gendarmer\u00eda Nacional o Polic\u00eda Federal.<\/p>\n<p>&#8211;          Lo que pasa es que se pretende desviar el tema, porque ac\u00e1 por el tema narcotr\u00e1fico alguien ir\u00e1 preso. Y si esa persona habla ir\u00e1 \u201cen cana\u201d mucha gente con poder. Por eso no saben que hacer.<\/p>\n<p>&#8211;          Ojo con los que venden droga, porque cuando empiecen a estar cercados deben empezar a temer  aquellos a los que le pasan \u201cel sobre\u201d, porque los de saco y corbata no van a querer caer.<\/p>\n<p>(Se sugiere escuchar el audio completo)<br \/>\nLas Rosas Digital.<\/p>\n","protected":false},"excerpt":{"rendered":"<p>\u00abSe ha armado una ola de hechos delictivos para intimidar a los rosenses\u00bb, dijo el jefe municipal. Algunos conceptos del Intendente Meyer: &#8211; Respecto a la inseguridad hemos hecho innumerables reclamos, en todos los niveles del gobierno provincial, y no hubo respuesta alguna. Ac\u00e1 el Gobernador recibi\u00f3 hace un a\u00f1o atr\u00e1s una nota firmada por <a href=\"https:\/\/armstrongyregion.com.ar\/diario\/meyer-la-respuesta-a-la-carta-documento-por-la-inseguridad-fueron-mas-robos\/\" title=\"Read more\" >&#8230;<\/a><\/p>\n","protected":false},"author":1,"featured_media":17158,"comment_status":"open","ping_status":"open","sticky":false,"template":"","format":"standard","meta":{"_jetpack_memberships_contains_paid_content":false,"footnotes":"","jetpack_publicize_message":"","jetpack_publicize_feature_enabled":true,"jetpack_social_post_already_shared":false,"jetpack_social_options":{"image_generator_settings":{"template":"highway","default_image_id":0,"enabled":false},"version":2}},"categories":[8,1,2,7,3],"tags":[6693],"class_list":["post-17157","post","type-post","status-publish","format-standard","has-post-thumbnail","hentry","category-deliberando","category-diario-armstrong","category-locales","category-politica","category-region","tag-meyer-la-respuesta-a-la-carta-documento-por-la-inseguridad-fueron-mas-robos"],"jetpack_publicize_connections":[],"jetpack_featured_media_url":"https:\/\/armstrongyregion.com.ar\/diario\/wp-content\/uploads\/2018\/05\/meyer-respuesta-carta.jpg","jetpack_shortlink":"https:\/\/wp.me\/p62QDO-4sJ","jetpack_sharing_enabled":true,"amp_enabled":true,"_links":{"self":[{"href":"https:\/\/armstrongyregion.com.ar\/diario\/wp-json\/wp\/v2\/posts\/17157","targetHints":{"allow":["GET"]}}],"collection":[{"href":"https:\/\/armstrongyregion.com.ar\/diario\/wp-json\/wp\/v2\/posts"}],"about":[{"href":"https:\/\/armstrongyregion.com.ar\/diario\/wp-json\/wp\/v2\/types\/post"}],"author":[{"embeddable":true,"href":"https:\/\/armstrongyregion.com.ar\/diario\/wp-json\/wp\/v2\/users\/1"}],"replies":[{"embeddable":true,"href":"https:\/\/armstrongyregion.com.ar\/diario\/wp-json\/wp\/v2\/comments?post=17157"}],"version-history":[{"count":0,"href":"https:\/\/armstrongyregion.com.ar\/diario\/wp-json\/wp\/v2\/posts\/17157\/revisions"}],"wp:featuredmedia":[{"embeddable":true,"href":"https:\/\/armstrongyregion.com.ar\/diario\/wp-json\/wp\/v2\/media\/17158"}],"wp:attachment":[{"href":"https:\/\/armstrongyregion.com.ar\/diario\/wp-json\/wp\/v2\/media?parent=17157"}],"wp:term":[{"taxonomy":"category","embeddable":true,"href":"https:\/\/armstrongyregion.com.ar\/diario\/wp-json\/wp\/v2\/categories?post=17157"},{"taxonomy":"post_tag","embeddable":true,"href":"https:\/\/armstrongyregion.com.ar\/diario\/wp-json\/wp\/v2\/tags?post=17157"}],"curies":[{"name":"wp","href":"https:\/\/api.w.org\/{rel}","templated":true}]}}